{"id":85926,"date":"2025-11-20T20:01:09","date_gmt":"2025-11-20T20:01:09","guid":{"rendered":"https:\/\/www.europesays.com\/se\/85926\/"},"modified":"2025-11-20T20:01:09","modified_gmt":"2025-11-20T20:01:09","slug":"bandvagnar-satts-in-vatten-och-filtar-till-bilister","status":"publish","type":"post","link":"https:\/\/www.europesays.com\/se\/85926\/","title":{"rendered":"Bandvagnar s\u00e4tts in \u2013 vatten och filtar till bilister"},"content":{"rendered":"<p>En olycka mellan tv\u00e5 bilar i sn\u00f6kaoset har orsakat l\u00e5nga k\u00f6er p\u00e5 E6 mellan Lund\u00e5kra och Landskrona, rapporterar Aftonbladet. Det \u00e4r \u00e4ven m\u00e5nga lastbilar som har k\u00f6rt fast l\u00e4ngs v\u00e4gen.<\/p>\n<p>\u2013 Bandvagnar delar i detta nu ut vatten och energibars till de som l\u00e4nge suttit fast i k\u00f6n, s\u00e4ger Sara Lindstr\u00f6m, presskommunikat\u00f6r p\u00e5 Trafikverket, till tidningen. <\/p>\n<p>Trafikverket varnar f\u00f6r att det \u00e4r &#8221;besv\u00e4rligt&#8221; p\u00e5 v\u00e4gen och att plogbilar samt b\u00e4rgare har hamnat i k\u00f6n.<\/p>\n<p>SMHI har utf\u00e4rdat en gul varning f\u00f6r sn\u00f6 i stora delar av syd\u00f6stra Sverige och en orange varning i delar av Kalmar l\u00e4n. <\/p>\n<p>Omni \u00e4r politiskt obundna och oberoende. Vi str\u00e4var efter att ge fler perspektiv p\u00e5 nyheterna. Har du fr\u00e5gor eller synpunkter kring v\u00e5r rapportering? <a href=\"https:\/\/omni.se\/bandvagnar-har-satts-in-vatten-och-filtar-till-bilister\/a\/mailto:redaktion@omni.se\" class=\"ArticleActions_contactLink__W2F1M\" rel=\"nofollow noopener\" target=\"_blank\">Kontakta redaktionen<\/a><\/p>\n","protected":false},"excerpt":{"rendered":"En olycka mellan tv\u00e5 bilar i sn\u00f6kaoset har orsakat l\u00e5nga k\u00f6er p\u00e5 E6 mellan Lund\u00e5kra och Landskrona, rapporterar&hellip;\n","protected":false},"author":2,"featured_media":85927,"comment_status":"","ping_status":"","sticky":false,"template":"","format":"standard","meta":{"footnotes":""},"categories":[5],"tags":[22,23,26,27,17,21,24,25,28,29,15,16,18,34,842,31,33,32,30,19,20,1841,693],"class_list":{"0":"post-85926","1":"post","2":"type-post","3":"status-publish","4":"format-standard","5":"has-post-thumbnail","7":"category-rubriker","8":"tag-breaking-news","9":"tag-breakingnews","10":"tag-featured-news","11":"tag-featurednews","12":"tag-headlines","13":"tag-huvudnyheter","14":"tag-latest-news","15":"tag-latestnews","16":"tag-main-news","17":"tag-mainnews","18":"tag-news","19":"tag-nyheter","20":"tag-rubriker","21":"tag-se","22":"tag-smhi","23":"tag-svenska","24":"tag-sverige","25":"tag-sweden","26":"tag-swedish","27":"tag-top-stories","28":"tag-topstories","29":"tag-trafikverket","30":"tag-vader"},"share_on_mastodon":{"url":"https:\/\/pubeurope.com\/@se\/115583810437629455","error":""},"_links":{"self":[{"href":"https:\/\/www.europesays.com\/se\/wp-json\/wp\/v2\/posts\/85926","targetHints":{"allow":["GET"]}}],"collection":[{"href":"https:\/\/www.europesays.com\/se\/wp-json\/wp\/v2\/posts"}],"about":[{"href":"https:\/\/www.europesays.com\/se\/wp-json\/wp\/v2\/types\/post"}],"author":[{"embeddable":true,"href":"https:\/\/www.europesays.com\/se\/wp-json\/wp\/v2\/users\/2"}],"replies":[{"embeddable":true,"href":"https:\/\/www.europesays.com\/se\/wp-json\/wp\/v2\/comments?post=85926"}],"version-history":[{"count":0,"href":"https:\/\/www.europesays.com\/se\/wp-json\/wp\/v2\/posts\/85926\/revisions"}],"wp:featuredmedia":[{"embeddable":true,"href":"https:\/\/www.europesays.com\/se\/wp-json\/wp\/v2\/media\/85927"}],"wp:attachment":[{"href":"https:\/\/www.europesays.com\/se\/wp-json\/wp\/v2\/media?parent=85926"}],"wp:term":[{"taxonomy":"category","embeddable":true,"href":"https:\/\/www.europesays.com\/se\/wp-json\/wp\/v2\/categories?post=85926"},{"taxonomy":"post_tag","embeddable":true,"href":"https:\/\/www.europesays.com\/se\/wp-json\/wp\/v2\/tags?post=85926"}],"curies":[{"name":"wp","href":"https:\/\/api.w.org\/{rel}","templated":true}]}}