{"id":85938,"date":"2025-11-20T20:15:08","date_gmt":"2025-11-20T20:15:08","guid":{"rendered":"https:\/\/www.europesays.com\/se\/85938\/"},"modified":"2025-11-20T20:15:08","modified_gmt":"2025-11-20T20:15:08","slug":"eu-kraver-plats-vid-bordet-nar-ny-fredsplan-diskuteras-skarpt-svenskt-utfall-om-mer-ukrainastod-2","status":"publish","type":"post","link":"https:\/\/www.europesays.com\/se\/85938\/","title":{"rendered":"EU kr\u00e4ver plats vid bordet n\u00e4r ny fredsplan diskuteras \u2013 skarpt svenskt utfall om mer Ukrainast\u00f6d"},"content":{"rendered":"<p>EU:s utrikesministrar samlades i Bryssel p\u00e5 torsdagen f\u00f6r att diskutera Rysslands krig mot Ukraina, inf\u00f6r m\u00f6tet kom rapporter om en 28-punktsplan f\u00f6r fred som <a href=\"https:\/\/www.europaportalen.se\/notis\/2025\/11\/uppgifter-usa-och-ryssland-jobbar-pa-ny-fredsplan\" rel=\"nofollow noopener\" target=\"_blank\">enligt uppgift<\/a> tagits fram av USA och Ryssland.<\/p>\n<p>Ingen av de ministrar som uttalade sig p\u00e5 v\u00e4g in till m\u00f6tet hade dock sett planen. Trots det var budskapet enigt: Europa m\u00e5ste vara med.<\/p>\n<p>\u2013 Vi har inte h\u00f6rt talas om n\u00e5gra eftergifter fr\u00e5n rysk sida. Om Ryssland verkligen ville ha fred kunde man ha g\u00e5tt med p\u00e5 en villkorsl\u00f6s vapenvila f\u00f6r l\u00e4nge sedan, sade EU:s utrikesrepresentant Kaja Kallas.<\/p>\n<p>Hon p\u00e5pekade att 93 procent av Rysslands attacker har varit riktad mot civil infrastruktur som skolor, sjukhus och bostadshus.<\/p>\n<p>\u2013 F\u00f6r att n\u00e5gon plan ska fungera m\u00e5ste ukrainarna och europ\u00e9erna vara med. Det \u00e4r mycket tydligt, sade Kallas.\u00a0<\/p>\n<p>Kravet om direkt deltagande f\u00f6r Europa och Ukraina vid eventuella fredsf\u00f6rhandlingar har varit dem samma och \u00e5terupprepats flertal tillf\u00e4llen sedan fr\u00e5gan f\u00f6rst <a href=\"https:\/\/www.europaportalen.se\/2025\/02\/trumps-fredssamtal-med-putin-skapar-oro-i-europa\" rel=\"nofollow noopener\" target=\"_blank\">kom upp i februari<\/a> efter att president Trump och den ryske diktatorn Putin haft sitt f\u00f6rsta telefonm\u00f6te.<\/p>\n<p><strong>EU kr\u00e4ver plats vid bordet<\/strong><br \/>Polens utrikesminister Rados\u0142aw Sikorski uttryckte frustration \u00f6ver att Europa skulle vara utest\u00e4ngt fr\u00e5n f\u00f6rhandlingarna.<\/p>\n<p>\u2013 Vi v\u00e4lkomnar fredsstr\u00e4vanden. Men Europa \u00e4r den fr\u00e4msta bidragsgivaren till Ukraina, och det \u00e4r naturligtvis Europas s\u00e4kerhet som st\u00e5r p\u00e5 spel. S\u00e5 vi f\u00f6rv\u00e4ntar oss att bli konsulterade, sade Sikorski.<\/p>\n<p>Han tillade att det \u00e4r angriparen, inte offret, vars aggressiva potential b\u00f6r begr\u00e4nsas.<\/p>\n<p>Danmarks utrikesminister Lars L\u00f8kke Rasmussen, vars land innehar EU:s ordf\u00f6randeskap, var tydlig:<\/p>\n<p>\u2013 Man kan inte f\u00e5 fred i Ukraina utan ukrainarna och europ\u00e9erna, sade han.<\/p>\n<p>Frankrikes utrikesminister Jean-No\u00ebl Barrot sade att diskussioner m\u00e5ste b\u00f6rja med en vapenvila l\u00e4ngs frontlinjen, vilket skulle m\u00f6jligg\u00f6ra f\u00f6rhandlingar om territorier och s\u00e4kerhetsgarantier.<\/p>\n<p>\u2013 Men fred kan inte vara kapitulation. Vi vill inte ha n\u00e5gon kapitulation fr\u00e5n Ukraina, sade Barrot.<\/p>\n<p><strong>Skarpt utfall fr\u00e5n Sverige<\/strong><br \/>Sveriges utrikesminister Maria Malmer Stenergard hade ett ovanligt skarpt budskap till sina EU-kollegor. Hon presenterade siffror som visar att Europa sedan den fullskaliga invasionen har st\u00f6ttat Ukraina med 187 miljarder euro, men samtidigt importerat rysk olja och gas f\u00f6r 201 miljarder euro. Med \u00f6vrig import inkluderad uppg\u00e5r det totala beloppet till 311 miljarder euro.<\/p>\n<p>\u2013 Det inneb\u00e4r att vi hamnar p\u00e5 ett negativt st\u00f6d till Ukraina med 124 miljarder euro. Nu \u00e4r det ingenting annat \u00e4n en skam, sade Malmer Stenergard.<\/p>\n<p>Hon betonade att det inte kommer att bli n\u00e5gra rimliga fredsf\u00f6rhandlingar om inte st\u00f6det till Ukraina \u00f6kar och trycket p\u00e5 Ryssland intensifieras.<\/p>\n<p>\u2013 En mycket god start vore att f\u00e5 de frysta tillg\u00e5ngarna anv\u00e4nda till f\u00f6rm\u00e5n f\u00f6r Ukraina, sade hon.<\/p>\n<p>Malmer Stenergard tillade att Sverige bara har tv\u00e5 punkter i sin plan: st\u00f6tta Ukraina och \u00f6ka trycket p\u00e5 Ryssland.<\/p>\n<p>\u2013 Det \u00e4r vad vi b\u00f6r fokusera p\u00e5 f\u00f6r att kunna f\u00f6r\u00e4ndra ekvationen s\u00e5 att Ryssland vill komma till bordet, eftersom det \u00e4r helt uppenbart att Ryssland inte \u00e4r villiga att ha seri\u00f6sa fredssamtal, sade hon.<\/p>\n<p>\u00c4ven Litauens utrikesminister K\u0119stutis Budrys var kritisk mot att m\u00e5nga EU-l\u00e4nder inte planerar tillr\u00e4ckligt st\u00f6d i sina budgetar.<\/p>\n<p>\u2013 Noll komma tjugofem procent av v\u00e5r BNP n\u00e4sta \u00e5r g\u00e5r till Ukraina. H\u00e4nder det i andra europeiska huvudst\u00e4der? Vi vet svaret: nej, sade Budrys.<\/p>\n<p>Han uppmanade till konkret handling n\u00e4r det g\u00e4ller de frysta ryska tillg\u00e5ngarna.<\/p>\n<p>\u2013 Annars vill jag se pengarna, inte de politiska solidaritetssnacken. Visa mig pengarna. Visa era planer med budgeten. D\u00e5 kan vi prata, sade Litauens K\u0119stutis Budrys.<\/p>\n<p>Budrys kritiserade EU f\u00f6r att ligga efter USA n\u00e4r det g\u00e4ller sanktioner. Han p\u00e5pekade att USA har sanktionerat oljebolagen Rosneft och Lukoil, medan EU inte lyckades inkludera Lukoil i det nittonde sanktionspaketet.<\/p>\n<p><strong>Tyskland lovar \u00f6ka st\u00f6det<\/strong><br \/>Tysklands utrikesminister Johann Wadephul meddelade att landet \u00f6kar sitt milit\u00e4ra st\u00f6d till Ukraina med tre miljarder euro till totalt tolv miljarder euro n\u00e4sta \u00e5r.<\/p>\n<p>\u2013 Ukraina utk\u00e4mpar sin egen kamp f\u00f6r frihet, men de utk\u00e4mpar ocks\u00e5 Europas frihetskamp. Och d\u00e4rf\u00f6r kommer vi att forts\u00e4tta st\u00f6dja Ukraina, sade Wadephul.<\/p>\n","protected":false},"excerpt":{"rendered":"EU:s utrikesministrar samlades i Bryssel p\u00e5 torsdagen f\u00f6r att diskutera Rysslands krig mot Ukraina, inf\u00f6r m\u00f6tet kom rapporter&hellip;\n","protected":false},"author":2,"featured_media":85748,"comment_status":"","ping_status":"","sticky":false,"template":"","format":"standard","meta":{"footnotes":""},"categories":[14],"tags":[22,23,26,27,17,21,24,25,28,29,15,16,18,34,31,33,32,30,19,20,51,52,53,54],"class_list":{"0":"post-85938","1":"post","2":"type-post","3":"status-publish","4":"format-standard","5":"has-post-thumbnail","7":"category-varlden","8":"tag-breaking-news","9":"tag-breakingnews","10":"tag-featured-news","11":"tag-featurednews","12":"tag-headlines","13":"tag-huvudnyheter","14":"tag-latest-news","15":"tag-latestnews","16":"tag-main-news","17":"tag-mainnews","18":"tag-news","19":"tag-nyheter","20":"tag-rubriker","21":"tag-se","22":"tag-svenska","23":"tag-sverige","24":"tag-sweden","25":"tag-swedish","26":"tag-top-stories","27":"tag-topstories","28":"tag-varlden","29":"tag-world","30":"tag-world-news","31":"tag-worldnews"},"share_on_mastodon":{"url":"https:\/\/pubeurope.com\/@se\/115583865537854525","error":""},"_links":{"self":[{"href":"https:\/\/www.europesays.com\/se\/wp-json\/wp\/v2\/posts\/85938","targetHints":{"allow":["GET"]}}],"collection":[{"href":"https:\/\/www.europesays.com\/se\/wp-json\/wp\/v2\/posts"}],"about":[{"href":"https:\/\/www.europesays.com\/se\/wp-json\/wp\/v2\/types\/post"}],"author":[{"embeddable":true,"href":"https:\/\/www.europesays.com\/se\/wp-json\/wp\/v2\/users\/2"}],"replies":[{"embeddable":true,"href":"https:\/\/www.europesays.com\/se\/wp-json\/wp\/v2\/comments?post=85938"}],"version-history":[{"count":0,"href":"https:\/\/www.europesays.com\/se\/wp-json\/wp\/v2\/posts\/85938\/revisions"}],"wp:featuredmedia":[{"embeddable":true,"href":"https:\/\/www.europesays.com\/se\/wp-json\/wp\/v2\/media\/85748"}],"wp:attachment":[{"href":"https:\/\/www.europesays.com\/se\/wp-json\/wp\/v2\/media?parent=85938"}],"wp:term":[{"taxonomy":"category","embeddable":true,"href":"https:\/\/www.europesays.com\/se\/wp-json\/wp\/v2\/categories?post=85938"},{"taxonomy":"post_tag","embeddable":true,"href":"https:\/\/www.europesays.com\/se\/wp-json\/wp\/v2\/tags?post=85938"}],"curies":[{"name":"wp","href":"https:\/\/api.w.org\/{rel}","templated":true}]}}