{"id":85959,"date":"2025-11-20T20:41:22","date_gmt":"2025-11-20T20:41:22","guid":{"rendered":"https:\/\/www.europesays.com\/se\/85959\/"},"modified":"2025-11-20T20:41:22","modified_gmt":"2025-11-20T20:41:22","slug":"jrf-om-beskedet-stod-i-begrepp-att-overklaga-jakt-jagare","status":"publish","type":"post","link":"https:\/\/www.europesays.com\/se\/85959\/","title":{"rendered":"JRF om beskedet: &quot;Stod i begrepp att \u00f6verklaga&quot; &#8211; Jakt &amp; J\u00e4gare"},"content":{"rendered":"<ol>\n<li><a href=\"https:\/\/news.google.com\/rss\/articles\/CBMilgFBVV95cUxQUjZuWEhSeFZTZEVjQkFIZU5BUG5LXzBWMTVIa2h6bWdRQVNzVFdBdFRZVV9kdnJJQlN1QUt5LU5sejZ3X1ZyLVlsNkpqLWxJOGZCajI3ZThvQXl3SGpDZDg1WGtCQXBVUFJMZDB0T0Q2d2ZteFdxYlJXcGgzX252RmpiNlZvcXFEVXZkUGplbEg0NWh1Tmc?oc=5\" target=\"_blank\" rel=\"nofollow noopener\">JRF om beskedet: &#8221;Stod i begrepp att \u00f6verklaga&#8221;<\/a>&nbsp;&nbsp;Jakt &amp; J\u00e4gare<\/li>\n<li><a href=\"https:\/\/news.google.com\/rss\/articles\/CBMilAFBVV95cUxQX0M1TUdyMy0zMUJ6bGFsNF9nUU5jWjh0WXJ5bG1DSnNNOGlaZVIyZGw0RVotLXpfRWxrNmJfUHRjM0tZMXZGY3RmeWxucXRKSmloQk9xak44ZzFKcWE5S0Y5U0hSNDdzRnNSS1c4RDFSY2NHaEF2OWJuYTQwTEdzWEhYdGNTd1V1TXFfYnZOb1JLOHVC?oc=5\" target=\"_blank\" rel=\"nofollow noopener\">Samtliga l\u00e4nsstyrelser \u00e4ndrar beslut om gps-\u00f6vervakning<\/a>&nbsp;&nbsp;Svensk Jakt<\/li>\n<li><a href=\"https:\/\/news.google.com\/rss\/articles\/CBMipwFBVV95cUxNWlRxbE9tVjBNSG16dE01bnh3VmMweVN2QUtQZS1YNGoyb29Ddk5RTzlGTmtDeFY5SmdrOFJuakJVTGhHYlBsX0R5WmN5UkRUYVVqM1RHSlhGVnVMZHlIOWpidUpTTXl6bUR3MXUtbWhmMnQxbVpqMDN0VWZhUFlJdVV0S3hqVUpyanpqQ0lNcmo5R3VlMklwS3g0NHNfbjRsTng3M1dwMA?oc=5\" target=\"_blank\" rel=\"nofollow noopener\">Samtliga vargjaktsl\u00e4n slopar krav p\u00e5 digital dokumentation<\/a>&nbsp;&nbsp;Jakt &amp; J\u00e4gare<\/li>\n<li><a href=\"https:\/\/news.google.com\/rss\/articles\/CBMiqAFBVV95cUxQZ1A3WWlXellCTGEwXzNMSlNnRmNUWlRod1FWOXZmbUhQNGV3WHUzRktGLTZLY3VNVjdvNjZiN1l6Z3VDZGpmMVBGNmsydDkxTVFIVlBiTm40SHAtN3V4STRMWk9pd2x4Vm5wZGhoVk5zUTVHU2ZENDFlTjFUdHZKT29IeFA3OEVCRFhfRmVfVzEzWjdlVkphR2NGQ2hUZ201R3drTjdDR2M?oc=5\" target=\"_blank\" rel=\"nofollow noopener\">Nytt gps-krav vid vargjakt m\u00f6ter stark kritik: \u201dOrimligt\u201d<\/a>&nbsp;&nbsp;TV4 Nyheterna<\/li>\n<li><a href=\"https:\/\/news.google.com\/rss\/articles\/CBMilgFBVV95cUxNNDlxOUt1UmFRWXJqSlhTUmxzQ0N5Vk5JUWVzSEY4VmYtRUdFTE9iR183MVNuNF9xR1A0dHZJYmpVZEpodEFCdW12WjNKTDItRHVyQWdTMjRIaFJ6ZnFHUGlMOTN0OEpPQWJ1TThDWDQzcHlTNF9XcXF6VjRJSDBxcm5TeGF5NDllY2poaVVuNGVRMnl0dmc?oc=5\" target=\"_blank\" rel=\"nofollow noopener\">Efter j\u00e4garkritiken \u2013 alla vargl\u00e4n backar om gps-sp\u00e5rning<\/a>&nbsp;&nbsp;Sveriges Radio<\/li>\n<\/ol>\n","protected":false},"excerpt":{"rendered":"JRF om beskedet: &#8221;Stod i begrepp att \u00f6verklaga&#8221;&nbsp;&nbsp;Jakt &amp; J\u00e4gare Samtliga l\u00e4nsstyrelser \u00e4ndrar beslut om gps-\u00f6vervakning&nbsp;&nbsp;Svensk Jakt Samtliga&hellip;\n","protected":false},"author":2,"featured_media":85960,"comment_status":"","ping_status":"","sticky":false,"template":"","format":"standard","meta":{"footnotes":""},"categories":[5],"tags":[22,23,26,27,17,21,24,25,28,29,15,16,18,34,31,33,32,30,19,20],"class_list":{"0":"post-85959","1":"post","2":"type-post","3":"status-publish","4":"format-standard","5":"has-post-thumbnail","7":"category-rubriker","8":"tag-breaking-news","9":"tag-breakingnews","10":"tag-featured-news","11":"tag-featurednews","12":"tag-headlines","13":"tag-huvudnyheter","14":"tag-latest-news","15":"tag-latestnews","16":"tag-main-news","17":"tag-mainnews","18":"tag-news","19":"tag-nyheter","20":"tag-rubriker","21":"tag-se","22":"tag-svenska","23":"tag-sverige","24":"tag-sweden","25":"tag-swedish","26":"tag-top-stories","27":"tag-topstories"},"share_on_mastodon":{"url":"https:\/\/pubeurope.com\/@se\/115583967789867870","error":""},"_links":{"self":[{"href":"https:\/\/www.europesays.com\/se\/wp-json\/wp\/v2\/posts\/85959","targetHints":{"allow":["GET"]}}],"collection":[{"href":"https:\/\/www.europesays.com\/se\/wp-json\/wp\/v2\/posts"}],"about":[{"href":"https:\/\/www.europesays.com\/se\/wp-json\/wp\/v2\/types\/post"}],"author":[{"embeddable":true,"href":"https:\/\/www.europesays.com\/se\/wp-json\/wp\/v2\/users\/2"}],"replies":[{"embeddable":true,"href":"https:\/\/www.europesays.com\/se\/wp-json\/wp\/v2\/comments?post=85959"}],"version-history":[{"count":0,"href":"https:\/\/www.europesays.com\/se\/wp-json\/wp\/v2\/posts\/85959\/revisions"}],"wp:featuredmedia":[{"embeddable":true,"href":"https:\/\/www.europesays.com\/se\/wp-json\/wp\/v2\/media\/85960"}],"wp:attachment":[{"href":"https:\/\/www.europesays.com\/se\/wp-json\/wp\/v2\/media?parent=85959"}],"wp:term":[{"taxonomy":"category","embeddable":true,"href":"https:\/\/www.europesays.com\/se\/wp-json\/wp\/v2\/categories?post=85959"},{"taxonomy":"post_tag","embeddable":true,"href":"https:\/\/www.europesays.com\/se\/wp-json\/wp\/v2\/tags?post=85959"}],"curies":[{"name":"wp","href":"https:\/\/api.w.org\/{rel}","templated":true}]}}