{"id":85961,"date":"2025-11-20T20:44:07","date_gmt":"2025-11-20T20:44:07","guid":{"rendered":"https:\/\/www.europesays.com\/se\/85961\/"},"modified":"2025-11-20T20:44:07","modified_gmt":"2025-11-20T20:44:07","slug":"katarina-gunnarsson-tilldelas-lukas-bonniers-stora-journalistpris-pressinformation","status":"publish","type":"post","link":"https:\/\/www.europesays.com\/se\/85961\/","title":{"rendered":"Katarina Gunnarsson tilldelas Lukas Bonniers Stora Journalistpris &#8211; Pressinformation"},"content":{"rendered":"<p>Katarina Gunnarsson tilldelas priset med f\u00f6ljande motivering: <\/p>\n<p>Fr\u00e5n bruksortens stiltje till f\u00f6rortstorgets utanf\u00f6rskap, fr\u00e5n ensamheten p\u00e5 b\u00e4nken i ett folkhemscentrum till kampen att sl\u00e4ppas in i ett nytt samh\u00e4lle som l\u00e4tt kan st\u00e4nga ute. I \u00f6ver tre decennier har hon st\u00e4ndigt riktat sin mikrofon bort fr\u00e5n makten och gett oss r\u00f6sterna som annars hade gl\u00f6mts bort i skuggorna.<br \/><a class=\"internal-link\" target=\"_self\" href=\"https:\/\/www.sverigesradio.se\/artikel\/ekots-katarina-gunnarsson-far-stora-journalistpriset\" rel=\"nofollow noopener\">Lyssna p\u00e5 en intervju med Katarina Gunnarsson i Ekot ikv\u00e4ll<\/a>.<br \/>\u00a0<br \/>I sitt tacktal under kv\u00e4llen lyfte Katarina sj\u00e4lv fram m\u00f6jligheten att kunna g\u00f6ra den typen av \u201dminireportage\u201d som hon kunnat g\u00f6ra i Studio Ett. <\/p>\n<p>\u2013 Jag vill tacka framf\u00f6r allt Klas Wolf-Watz, Ekochefen, att i en tid n\u00e4r vi har s\u00e5 korta reportage och allt ska vara s\u00e5 vinklat och korta klipp, v\u00e5gat satsa p\u00e5 den h\u00e4r typen av minidokument\u00e4rer. Det \u00e4r s\u00e5 otroligt modigt och jag \u00e4r s\u00e5 glad att Studio Ett s\u00e4nder dem och att vi har kvar den genren. Jag \u00e4r glad att juryn valt att premiera den genren, det hedrar er. Och det h\u00e4r \u00e4r mitt utrop till en typ av journalistik som det \u00e4r s\u00e5 fint att ni v\u00e4rdesatt. Jag vill tacka, tacka er allihopa, tack, tack, tack, sa <strong>Katarina Gunnarsson<\/strong>.\u00a0<\/p>\n<p>\u2013 Ett stort grattis till Katarina Gunnarsson f\u00f6r detta erk\u00e4nnande. Hennes m\u00e5nga underbara, unika och djuplodande reportage under alla \u00e5r, d\u00e4r ofta r\u00f6ster som annars inte h\u00f6rs har f\u00e5tt h\u00f6ras, \u00e4r verkligen v\u00e4rda att bel\u00f6nas med detta pris, s\u00e4ger <strong>Cilla Benk\u00f6, vd p\u00e5 Sveriges Radio<\/strong>.<\/p>\n<p>I 30 \u00e5r har Katarina arbetat som kringvandrande reporter p\u00e5 gator och torg. Med en unik f\u00f6rm\u00e5ga att f\u00e5 m\u00e4nniskor att ber\u00e4tta och med en socialantropologisk skarp blick var hon tidig med att skildrar de samh\u00e4llsproblem som ligger bakom det g\u00e4ngv\u00e5ld och den segregation vi ser idag. Redan tidigt 90-tal skildrade hon utanf\u00f6rskapet p\u00e5 Turkiska g\u00e5rden i Jordbro, hederskultur och parabolerna i R\u00e5sl\u00e4tt, J\u00f6nk\u00f6ping. N\u00e4r m\u00e5nga i debatten runt 2012 trodde att utanf\u00f6rskapet mest fanns i storst\u00e4derna gjorde hon serien \u201dDet delade Sverige\u201d som visade att utanf\u00f6rskapet v\u00e4xt fram \u00e4ven i omr\u00e5den som Araby, V\u00e4xj\u00f6 och N\u00e4vertorp, Katrineholm. I \u201dKartellens fotsp\u00e5r\u201d ber\u00e4ttade hon redan 2009 om hur sm\u00e5 trasiga killar dras in i en kriminell livsstil. Katarina Gunnarsson har metodiskt fortsatt att hitta m\u00e4nniskor p\u00e5 torg och gator och l\u00e5ta dem f\u00e5 ge sin egen bild. Och det \u00e4r bara ett litet urval och forts\u00e4tter idag.<\/p>\n<p>H\u00f6r en samling av Katarinas Gunnarssons intervjuer i appen Sveriges Radio eller h\u00e4r: <a target=\"_blank\" rel=\"noopener noreferrer nofollow\" href=\"https:\/\/www.sverigesradio.se\/grupp\/8981\">Katarina Gunnarssons journalistpriser och reportage i Studio Ett &#8211; Studio Ett | Sveriges Radio<\/a> <\/p>\n<p>\u2013 Jag blir s\u00e5 oerh\u00f6rt glad och stolt \u00f6ver att Katarina uppm\u00e4rksammas med det h\u00e4r prestigefulla priset. Dels f\u00f6rst\u00e5s f\u00f6r Sveriges Radios skull. Men mest av allt f\u00f6r att hennes viktiga, raka, nyfikna journalistik nu kommer att n\u00e5 ut bredare. Och f\u00f6r att hennes unikt starka och modiga reportagestil nu kan inspirera fler. S\u00e5 oerh\u00f6rt v\u00e4lf\u00f6rtj\u00e4nt &#8211; och viktigt, s\u00e4ger <strong>Sofia Wadensj\u00f6 Kar\u00e9n, programdirekt\u00f6r p\u00e5 Sveriges Radio<\/strong>.<\/p>\n<p><strong>Pressbild:<\/strong> <a class=\"internal-link\" target=\"_self\" href=\"https:\/\/sverigesradio.se\/images\/2938\/c9e68ab5-9608-4e8e-89ba-0c852fe0c359.jpg\" rel=\"nofollow noopener\">Katarina Gunnarsson med vinnardiplom<\/a><br \/>(Foto: Klas Wolf-Watz\/Sveriges Radio)<\/p>\n<p>Pressbilder och mer information fr\u00e5n Stora Journalistpriset finns via \u00a0<br \/>Stora Journalistprisets hemsida:<br \/><a target=\"_blank\" rel=\"noopener noreferrer nofollow\" href=\"https:\/\/www.storajournalistpriset.se\/\">https:\/\/www.storajournalistpriset.se\/<\/a><\/p>\n<p><strong>Presskontakt:<\/strong>\u00a0Claes Bertilson, presschef, 070-327 7807 eller\u00a0<a target=\"_blank\" rel=\"noopener noreferrer nofollow\" href=\"https:\/\/www.sverigesradio.se\/artikel\/mailto:claes.bertilson@sverigesradio.se\">claes.bertilson@sverigesradio.se<\/a><\/p>\n","protected":false},"excerpt":{"rendered":"Katarina Gunnarsson tilldelas priset med f\u00f6ljande motivering: Fr\u00e5n bruksortens stiltje till f\u00f6rortstorgets utanf\u00f6rskap, fr\u00e5n ensamheten p\u00e5 b\u00e4nken i&hellip;\n","protected":false},"author":2,"featured_media":85962,"comment_status":"","ping_status":"","sticky":false,"template":"","format":"standard","meta":{"footnotes":""},"categories":[67],"tags":[104,1183,1184,1181,1180,34,1182,31,33,32,30,105],"class_list":{"0":"post-85961","1":"post","2":"type-post","3":"status-publish","4":"format-standard","5":"has-post-thumbnail","7":"category-underhallning","8":"tag-entertainment","9":"tag-press-sr","10":"tag-pressinfo-sr","11":"tag-pressinformation-sr","12":"tag-presstjnsten-sveriges-radio","13":"tag-se","14":"tag-sr-press","15":"tag-svenska","16":"tag-sverige","17":"tag-sweden","18":"tag-swedish","19":"tag-underhallning"},"share_on_mastodon":{"url":"https:\/\/pubeurope.com\/@se\/115583979566768801","error":""},"_links":{"self":[{"href":"https:\/\/www.europesays.com\/se\/wp-json\/wp\/v2\/posts\/85961","targetHints":{"allow":["GET"]}}],"collection":[{"href":"https:\/\/www.europesays.com\/se\/wp-json\/wp\/v2\/posts"}],"about":[{"href":"https:\/\/www.europesays.com\/se\/wp-json\/wp\/v2\/types\/post"}],"author":[{"embeddable":true,"href":"https:\/\/www.europesays.com\/se\/wp-json\/wp\/v2\/users\/2"}],"replies":[{"embeddable":true,"href":"https:\/\/www.europesays.com\/se\/wp-json\/wp\/v2\/comments?post=85961"}],"version-history":[{"count":0,"href":"https:\/\/www.europesays.com\/se\/wp-json\/wp\/v2\/posts\/85961\/revisions"}],"wp:featuredmedia":[{"embeddable":true,"href":"https:\/\/www.europesays.com\/se\/wp-json\/wp\/v2\/media\/85962"}],"wp:attachment":[{"href":"https:\/\/www.europesays.com\/se\/wp-json\/wp\/v2\/media?parent=85961"}],"wp:term":[{"taxonomy":"category","embeddable":true,"href":"https:\/\/www.europesays.com\/se\/wp-json\/wp\/v2\/categories?post=85961"},{"taxonomy":"post_tag","embeddable":true,"href":"https:\/\/www.europesays.com\/se\/wp-json\/wp\/v2\/tags?post=85961"}],"curies":[{"name":"wp","href":"https:\/\/api.w.org\/{rel}","templated":true}]}}