{"id":85968,"date":"2025-11-20T20:59:13","date_gmt":"2025-11-20T20:59:13","guid":{"rendered":"https:\/\/www.europesays.com\/se\/85968\/"},"modified":"2025-11-20T20:59:13","modified_gmt":"2025-11-20T20:59:13","slug":"tidigare-hv-talangen-kallas-upp-till-nhl","status":"publish","type":"post","link":"https:\/\/www.europesays.com\/se\/85968\/","title":{"rendered":"Tidigare HV-talangen kallas upp till NHL"},"content":{"rendered":"<p><strong>NHL-debuten ser ut att n\u00e4rma sig f\u00f6r <a href=\"https:\/\/hockeysverige.se\/spelare\/oscar-fisker-molgaard\" rel=\"nofollow noopener\" target=\"_blank\">Oscar Fisker M\u00f8lgaard<\/a>. Tidigare HV71-talangen har kallats upp av <a href=\"https:\/\/hockeysverige.se\/klubb\/seattle-kraken\" rel=\"nofollow noopener\" target=\"_blank\">Seattle Kraken<\/a> efter en succ\u00e9start i AHL. <\/strong><\/p>\n<p><img loading=\"lazy\" decoding=\"async\" width=\"1024\" height=\"658\" src=\"https:\/\/www.europesays.com\/se\/wp-content\/uploads\/2025\/11\/Fisker-1024x658.webp.webp\" alt=\"\" class=\"wp-image-327566\"  \/>Oscar Fisker M\u00f8lgaard i HV71. <strong>Foto:<\/strong> Bildbyr\u00e5n\/Carl Sandin. <\/p>\n<p>\u201dHan spelar p\u00e5 en v\u00e4ldigt h\u00f6g niv\u00e5 och han gjorde det bra i Nordamerika n\u00e4r han \u00e5kte \u00f6ver och spelade klart s\u00e4songen. Jag tror han kommer att f\u00e5 en lysande framtid\u201d<\/p>\n<p>Orden kom fr\u00e5n <a href=\"https:\/\/hockeysverige.se\/klubb\/hv71\/\" rel=\"nofollow noopener\" target=\"_blank\">HV71<\/a>:s Bj\u00f6rn Liljander\u00a0n\u00e4r hockeysverige.se pratade med sportchefen efter Hockey-VM, och handlade om en viss Oscar Fisker M\u00f8lgaard. Nu, efter en succ\u00e9start p\u00e5 2025\/26, ser det \u00e4ven ut som att den danske 20-\u00e5ringen kan f\u00e5 NHL-debutera inom kort. <\/p>\n<p>Den unge forwarden har st\u00e5tt f\u00f6r tio po\u00e4ng (3+7) p\u00e5 14 matcher i AHL och Coachella Valley Firebirds, och har nu kallats upp till <a href=\"https:\/\/hockeysverige.se\/nhl\/\" rel=\"nofollow noopener\" target=\"_blank\">NHL<\/a> av Seattle Kraken. <a href=\"https:\/\/x.com\/seattlekrakenpr\/status\/1991263998793113736?s=46\" rel=\"nofollow\">Ett besked<\/a> som kommer sent under onsdagskv\u00e4llen, svensk tid. <\/p>\n<p>Avslutade 2024\/25 i AHL<\/p>\n<p>Oscar Fisker M\u00f8lgaard kom till HV71 som junior 2021 och fick redan \u00e5ret d\u00e4rp\u00e5 chansen i SHL. Seattle Kraken valde sedan talangen i NHL-draften 2023, innan ett h\u00e4ndelserikt 2024\/25 f\u00f6ljde. <\/p>\n<p>20-\u00e5ringen med Frederikshavn IK som moderklubb stod f\u00f6r 19 grundseriepo\u00e4ng i HV71 innan han b\u00e5de spelade VM och \u00e5kte \u00f6ver till Nordamerika f\u00f6r att avsluta s\u00e4songen i AHL. V\u00e4l d\u00e4r blev det tre nya po\u00e4ng. En f\u00f6rsmak p\u00e5 vad som nu blivit verklighet i Coachella. <\/p>\n<p> Source: <a href=\"https:\/\/www.eliteprospects.com\/player\/729161\/oscar-fisker-molgaard\" target=\"_blank\" rel=\"noopener noreferrer nofollow\">Oscar Fisker M\u00f8lgaard<\/a> @ Elite Prospects<\/p>\n","protected":false},"excerpt":{"rendered":"NHL-debuten ser ut att n\u00e4rma sig f\u00f6r Oscar Fisker M\u00f8lgaard. Tidigare HV71-talangen har kallats upp av Seattle Kraken&hellip;\n","protected":false},"author":2,"featured_media":85969,"comment_status":"","ping_status":"","sticky":false,"template":"","format":"standard","meta":{"footnotes":""},"categories":[68],"tags":[34,133,111,110,31,33,32,30],"class_list":{"0":"post-85968","1":"post","2":"type-post","3":"status-publish","4":"format-standard","5":"has-post-thumbnail","7":"category-sport","8":"tag-se","9":"tag-second-news","10":"tag-sport","11":"tag-sports","12":"tag-svenska","13":"tag-sverige","14":"tag-sweden","15":"tag-swedish"},"share_on_mastodon":{"url":"https:\/\/pubeurope.com\/@se\/115584038736452811","error":""},"_links":{"self":[{"href":"https:\/\/www.europesays.com\/se\/wp-json\/wp\/v2\/posts\/85968","targetHints":{"allow":["GET"]}}],"collection":[{"href":"https:\/\/www.europesays.com\/se\/wp-json\/wp\/v2\/posts"}],"about":[{"href":"https:\/\/www.europesays.com\/se\/wp-json\/wp\/v2\/types\/post"}],"author":[{"embeddable":true,"href":"https:\/\/www.europesays.com\/se\/wp-json\/wp\/v2\/users\/2"}],"replies":[{"embeddable":true,"href":"https:\/\/www.europesays.com\/se\/wp-json\/wp\/v2\/comments?post=85968"}],"version-history":[{"count":0,"href":"https:\/\/www.europesays.com\/se\/wp-json\/wp\/v2\/posts\/85968\/revisions"}],"wp:featuredmedia":[{"embeddable":true,"href":"https:\/\/www.europesays.com\/se\/wp-json\/wp\/v2\/media\/85969"}],"wp:attachment":[{"href":"https:\/\/www.europesays.com\/se\/wp-json\/wp\/v2\/media?parent=85968"}],"wp:term":[{"taxonomy":"category","embeddable":true,"href":"https:\/\/www.europesays.com\/se\/wp-json\/wp\/v2\/categories?post=85968"},{"taxonomy":"post_tag","embeddable":true,"href":"https:\/\/www.europesays.com\/se\/wp-json\/wp\/v2\/tags?post=85968"}],"curies":[{"name":"wp","href":"https:\/\/api.w.org\/{rel}","templated":true}]}}