{"id":8603,"date":"2025-08-19T12:09:12","date_gmt":"2025-08-19T12:09:12","guid":{"rendered":"https:\/\/www.europesays.com\/se\/8603\/"},"modified":"2025-08-19T12:09:12","modified_gmt":"2025-08-19T12:09:12","slug":"riksdagsledamot-eemeli-peltonen-dod-ska-ha-begatt-sjalvmord-huvudstadsregionen","status":"publish","type":"post","link":"https:\/\/www.europesays.com\/se\/8603\/","title":{"rendered":"Riksdagsledamot Eemeli Peltonen d\u00f6d \u2013 ska ha beg\u00e5tt sj\u00e4lvmord | Huvudstadsregionen"},"content":{"rendered":"<p class=\"sc-jYczwO sc-dNFkOE bUKqJd eiHPxO yle__article__paragraph\">Riksdagsledamot Eemeli Peltonen (SDP) dog i riksdagshuset p\u00e5 tisdagen. <\/p>\n<p><img decoding=\"async\" alt=\"SDP:s riksdagsledamot Eemeli Peltonen i plenisalen.\" src=\"https:\/\/www.europesays.com\/se\/wp-content\/uploads\/2025\/08\/39-11266226481acb58e6d2.jpeg\" class=\"sc-dntSTA iywpZY\"\/><\/p>\n<p>\u00d6ppna bildvisare<\/p>\n<p>Eemeli Peltonen var f\u00f6dd 1994 i Kervo och valdes in i riksdagen f\u00f6rsta g\u00e5ngen 2023. Bild: Petteri B\u00fclow \/ YleLyssna (du h\u00f6r en artificiell r\u00f6st) 4:29<\/p>\n<p class=\"sc-jYczwO sc-ciCoXh bUKqJd cIOueB yle__article__paragraph\">Riksdagsledamot <strong class=\"sc-eEHciv gtNhAX yle__article__strong\">Eemeli Peltonen<\/strong> (SDP) \u00e4r d\u00f6d. Det h\u00e4r meddelar Riksdagen i ett pressmeddelande.<\/p>\n<p class=\"sc-jYczwO sc-ciCoXh bUKqJd cIOueB yle__article__paragraph\">Peltonen ber\u00e4ttade i slutet av juni om sina h\u00e4lsoproblem p\u00e5 Facebook. Han hade en njursjukdom och har varit intagen p\u00e5 sjukhus under v\u00e5ren och sommaren. Han var sjukledig under sommaren.<\/p>\n<p>Valdes in i riksdagen 2023<\/p>\n<p class=\"sc-jYczwO sc-ciCoXh bUKqJd cIOueB yle__article__paragraph\">Peltonen valdes in i riksdagen 2023 fr\u00e5n Nylands valkrets och var s\u00e5ledes f\u00f6rsta periodens riksdagsledamot. Han var f\u00f6dd 1994 i Kervo.<\/p>\n<p class=\"sc-jYczwO sc-ciCoXh bUKqJd cIOueB yle__article__paragraph\">Han satt i f\u00f6rvaltningsutskottet och lagutskottet.<\/p>\n<p class=\"sc-jYczwO sc-ciCoXh bUKqJd cIOueB yle__article__paragraph\">Innan han valdes in i riksdagen jobbade han som kommunikationsexpert vid fackf\u00f6rbundet PAM.<\/p>\n<p class=\"sc-jYczwO sc-ciCoXh bUKqJd cIOueB yle__article__paragraph\">Han har ocks\u00e5 varit politisk sekreterare f\u00f6r Socialdemokraternas riksdagsgrupp.<\/p>\n<p class=\"sc-jYczwO sc-ciCoXh bUKqJd cIOueB yle__article__paragraph\">Peltonen var utbildad magister i statsvetenskap vid Helsingfors universitet.<\/p>\n<p>Dog vid 11-tiden<\/p>\n<p class=\"sc-jYczwO sc-ciCoXh bUKqJd cIOueB yle__article__paragraph\">Tidigare under tisdagen meddelade Helsingforspolisen att en person har d\u00f6tt i Riksdagshuset i Helsingfors omkring klockan 11 p\u00e5 f\u00f6rmiddagen.<\/p>\n<p class=\"sc-jYczwO sc-ciCoXh bUKqJd cIOueB yle__article__paragraph\">Polisen utreder d\u00f6dsorsaken, men misst\u00e4nker f\u00f6r n\u00e4rvarande inget brott i samband med d\u00f6dsfallet.<\/p>\n<p class=\"sc-jYczwO sc-ciCoXh bUKqJd cIOueB yle__article__paragraph\">Tidigare rapporterade tidningen Iltalehti att en riksdagsledamot beg\u00e5tt sj\u00e4lvmord.<\/p>\n<p class=\"sc-jYczwO sc-ciCoXh bUKqJd cIOueB yle__article__paragraph\">Identiteten p\u00e5 den d\u00f6da riksdagsledamoten blev offentlig p\u00e5 tisdagseftermiddagen.<\/p>\n<p>Bekr\u00e4ftar inte sj\u00e4lvmord<\/p>\n<p class=\"sc-jYczwO sc-ciCoXh bUKqJd cIOueB yle__article__paragraph\">Riksdagens s\u00e4kerhetsdirekt\u00f6r <strong class=\"sc-eEHciv gtNhAX yle__article__strong\">Aaro Toivonen<\/strong> kan inte bekr\u00e4fta att det handlar om sj\u00e4lvmord d\u00e5 Svenska Yle ringer upp honom. Han kan inte heller s\u00e4ga vilken tj\u00e4nst personen hade.<\/p>\n<p class=\"sc-jYczwO sc-ciCoXh bUKqJd cIOueB yle__article__paragraph\">\u2013 Det enda jag kan s\u00e4ga \u00e4r att det handlar om ett d\u00f6dsfall och att ingen annan var i fara, s\u00e4ger Toivonen.<\/p>\n<p class=\"sc-jYczwO sc-ciCoXh bUKqJd cIOueB yle__article__paragraph\">Yle Uutisets reporter <strong class=\"sc-eEHciv gtNhAX yle__article__strong\">Reeta Cremin<\/strong> uppgav vid 12-tiden att en ambulans och ett av polisens pansarf\u00f6rst\u00e4rkta fordon var p\u00e5 plats.<\/p>\n<p class=\"sc-jYczwO sc-ciCoXh bUKqJd cIOueB yle__article__paragraph\">Polisen bekr\u00e4ftar f\u00f6r Svenska Yle att personen dog inne i byggnaden.<\/p>\n<p class=\"sc-jYczwO sc-ciCoXh bUKqJd cIOueB yle__article__paragraph\">Ledam\u00f6terna i riksdagen har sommarpaus och samlas n\u00e4sta g\u00e5ng i b\u00f6rjan av september.<\/p>\n<p>Beh\u00f6ver du tala med n\u00e5gon?<\/p>\n<p class=\"sc-jYczwO sc-ciCoXh bUKqJd cIOueB yle__article__paragraph\">Hit kan du v\u00e4nda dig ifall du m\u00e5r d\u00e5ligt eller k\u00e4nner att du beh\u00f6ver tala med n\u00e5gon.<\/p>\n<p class=\"sc-jYczwO sc-ciCoXh bUKqJd cIOueB yle__article__paragraph\"><strong class=\"sc-eEHciv gtNhAX yle__article__strong\">Svenskspr\u00e5kig kristelefon:<\/strong> 09 25 25 01 12 \u2013 \u00f6ppen m\u00e5ndag och onsdag klockan 16\u201320 samt tisdag, torsdag och fredag klockan 9\u201313. <a class=\"sc-jDJeIs gotUgl yle__article__link\" href=\"https:\/\/mieli.fi\/sv\/stod-och-hjalp\/kristelefon\/\" role=\"link\" rel=\"nofollow noopener\" target=\"_blank\">L\u00e4s mer h\u00e4r.<\/a><\/p>\n<p class=\"sc-jYczwO sc-ciCoXh bUKqJd cIOueB yle__article__paragraph\"><strong class=\"sc-eEHciv gtNhAX yle__article__strong\">Kristelefon p\u00e5 finska:<\/strong> 09 25 25 01 11 \u2013 \u00f6ppen dygnet runt. <a class=\"sc-jDJeIs gotUgl yle__article__link\" href=\"https:\/\/mieli.fi\/tukea-ja-apua\/kriisipuhelin\/\" role=\"link\" rel=\"nofollow noopener\" target=\"_blank\">Mer information hittar du h\u00e4r.<\/a><\/p>\n<p class=\"sc-jYczwO sc-ciCoXh bUKqJd cIOueB yle__article__paragraph\"><strong class=\"sc-eEHciv gtNhAX yle__article__strong\">Sekaisin-chatten med st\u00f6d p\u00e5 svenska:<\/strong> \u00d6ppen varje vardag klockan 15\u201319 och helger klockan 17\u201321. <a class=\"sc-jDJeIs gotUgl yle__article__link\" href=\"https:\/\/sekasin.fi\/sv\/\" role=\"link\" rel=\"nofollow noopener\" target=\"_blank\">L\u00e4s mer h\u00e4r.<\/a><\/p>\n<p class=\"sc-jYczwO sc-ciCoXh bUKqJd cIOueB yle__article__paragraph\"><strong class=\"sc-eEHciv gtNhAX yle__article__strong\">\u00c4rligt talat-chatten med st\u00f6d p\u00e5 svenska f\u00f6r 13\u201329-\u00e5ringar:<\/strong> \u00d6ppen m\u00e5ndag\u2013fredag klockan 9\u201312 och 19\u201322. <a class=\"sc-jDJeIs gotUgl yle__article__link\" href=\"https:\/\/arligttalat.fi\/\" role=\"link\" rel=\"nofollow noopener\" target=\"_blank\">L\u00e4s mer h\u00e4r.<\/a><\/p>\n<p class=\"sc-jYczwO sc-ciCoXh bUKqJd cIOueB yle__article__paragraph\"><strong class=\"sc-eEHciv gtNhAX yle__article__strong\">Krisjouren f\u00f6r unga:<\/strong> Boka en telefontid. <a class=\"sc-jDJeIs gotUgl yle__article__link\" href=\"https:\/\/www.helsinkimissio.fi\/sv\/behover-du-hjalp\/unga\/\" role=\"link\" rel=\"nofollow noopener\" target=\"_blank\">H\u00e4r kan du l\u00e4sa mer.<\/a><\/p>\n<p class=\"sc-jYczwO sc-ciCoXh bUKqJd cIOueB yle__article__paragraph\"><strong class=\"sc-eEHciv gtNhAX yle__article__strong\">Svenskspr\u00e5kig telefontj\u00e4nst f\u00f6r barn och ungdomar \u00e4ven utanf\u00f6r krissituationer:<\/strong> 08 00 96 116 \u2013 \u00f6ppen m\u00e5ndagar och tisdagar klockan 14\u201317 samt onsdagar och torsdagar klockan 14\u201320. <a class=\"sc-jDJeIs gotUgl yle__article__link\" href=\"https:\/\/www.nuortennetti.fi\/sv\/barn-och-ungdomstelefonen-samt-natbrevstjansten\/\" role=\"link\" rel=\"nofollow noopener\" target=\"_blank\">L\u00e4s mer h\u00e4r.<\/a><\/p>\n<p class=\"sc-jYczwO sc-ciCoXh bUKqJd cIOueB yle__article__paragraph\"><strong class=\"sc-eEHciv gtNhAX yle__article__strong\">Kyrkans samtalstj\u00e4nst:<\/strong> 0400 22 11 90 \u2013 telefonjouren \u00f6ppen varje kv\u00e4ll klockan 20\u201323. <a class=\"sc-jDJeIs gotUgl yle__article__link\" href=\"https:\/\/evl.fi\/sv\/stod-och-hjalp\/kyrkans-samtalstjanst\/\" role=\"link\" rel=\"nofollow noopener\" target=\"_blank\">L\u00e4s mer h\u00e4r.<\/a><\/p>\n<p>Vad kan jag g\u00f6ra om jag misst\u00e4nker att n\u00e5gon har sj\u00e4lvskadetankar?<\/p>\n<p class=\"sc-jYczwO sc-ciCoXh bUKqJd cIOueB yle__article__paragraph\">Det f\u00f6rsta steget att hj\u00e4lpa \u00e4r att fr\u00e5ga om personens eventuella sj\u00e4lvmordstankar. Lyssna och ge tid f\u00f6r personen att prata. Att fr\u00e5ga om sj\u00e4lvmordstankar \u00f6kar inte sj\u00e4lvmordsrisken.<\/p>\n<p class=\"sc-jYczwO sc-ciCoXh bUKqJd cIOueB yle__article__paragraph\">L\u00e4mna inte en person ensam med sina tankar och k\u00e4nslor.<\/p>\n<p class=\"sc-jYczwO sc-ciCoXh bUKqJd cIOueB yle__article__paragraph\">Inge hopp, ber\u00e4tta att det g\u00e5r att komma bort fr\u00e5n sj\u00e4lvskadetankar och att det finns hj\u00e4lp att f\u00e5.<\/p>\n<p class=\"sc-jYczwO sc-ciCoXh bUKqJd cIOueB yle__article__paragraph\">Prata med personen om vad som helst, f\u00f6rs\u00f6k spr\u00e4cka den destruktiva bubblan.<\/p>\n<p class=\"sc-jYczwO sc-ciCoXh bUKqJd cIOueB yle__article__paragraph\">G\u00e5 med personen till en jourmottagning.<\/p>\n<p class=\"sc-jYczwO sc-ciCoXh bUKqJd cIOueB yle__article__paragraph\">Misst\u00e4nker du akut fara ska du alltid ringa 112.<\/p>\n<p class=\"sc-jYczwO sc-ciCoXh bUKqJd cIOueB yle__article__paragraph\">Artikeln uppdateras.<\/p>\n","protected":false},"excerpt":{"rendered":"Riksdagsledamot Eemeli Peltonen (SDP) dog i riksdagshuset p\u00e5 tisdagen. \u00d6ppna bildvisare Eemeli Peltonen var f\u00f6dd 1994 i Kervo&hellip;\n","protected":false},"author":2,"featured_media":8604,"comment_status":"","ping_status":"","sticky":false,"template":"","format":"standard","meta":{"footnotes":""},"categories":[5],"tags":[22,23,26,27,684,17,1275,21,1278,683,24,25,28,29,15,16,682,1277,1274,1276,18,34,31,33,32,30,19,20],"class_list":{"0":"post-8603","1":"post","2":"type-post","3":"status-publish","4":"format-standard","5":"has-post-thumbnail","7":"category-rubriker","8":"tag-breaking-news","9":"tag-breakingnews","10":"tag-featured-news","11":"tag-featurednews","12":"tag-finland","13":"tag-headlines","14":"tag-helsingfors","15":"tag-huvudnyheter","16":"tag-huvudstadsregionen","17":"tag-inrikes","18":"tag-latest-news","19":"tag-latestnews","20":"tag-main-news","21":"tag-mainnews","22":"tag-news","23":"tag-nyheter","24":"tag-nyland","25":"tag-polis","26":"tag-polisen","27":"tag-riksdagshuset-finland","28":"tag-rubriker","29":"tag-se","30":"tag-svenska","31":"tag-sverige","32":"tag-sweden","33":"tag-swedish","34":"tag-top-stories","35":"tag-topstories"},"share_on_mastodon":{"url":"","error":""},"_links":{"self":[{"href":"https:\/\/www.europesays.com\/se\/wp-json\/wp\/v2\/posts\/8603","targetHints":{"allow":["GET"]}}],"collection":[{"href":"https:\/\/www.europesays.com\/se\/wp-json\/wp\/v2\/posts"}],"about":[{"href":"https:\/\/www.europesays.com\/se\/wp-json\/wp\/v2\/types\/post"}],"author":[{"embeddable":true,"href":"https:\/\/www.europesays.com\/se\/wp-json\/wp\/v2\/users\/2"}],"replies":[{"embeddable":true,"href":"https:\/\/www.europesays.com\/se\/wp-json\/wp\/v2\/comments?post=8603"}],"version-history":[{"count":0,"href":"https:\/\/www.europesays.com\/se\/wp-json\/wp\/v2\/posts\/8603\/revisions"}],"wp:featuredmedia":[{"embeddable":true,"href":"https:\/\/www.europesays.com\/se\/wp-json\/wp\/v2\/media\/8604"}],"wp:attachment":[{"href":"https:\/\/www.europesays.com\/se\/wp-json\/wp\/v2\/media?parent=8603"}],"wp:term":[{"taxonomy":"category","embeddable":true,"href":"https:\/\/www.europesays.com\/se\/wp-json\/wp\/v2\/categories?post=8603"},{"taxonomy":"post_tag","embeddable":true,"href":"https:\/\/www.europesays.com\/se\/wp-json\/wp\/v2\/tags?post=8603"}],"curies":[{"name":"wp","href":"https:\/\/api.w.org\/{rel}","templated":true}]}}