{"id":86031,"date":"2025-11-20T23:43:09","date_gmt":"2025-11-20T23:43:09","guid":{"rendered":"https:\/\/www.europesays.com\/se\/86031\/"},"modified":"2025-11-20T23:43:09","modified_gmt":"2025-11-20T23:43:09","slug":"galaxy-kostnadsminskningen-for-s26-kan-skorda-annu-ett-offer-eftersom-galaxy-s26-seriens-skarm-pastas-behalla-den-senaste-generationens-maximala-ljusstyrka","status":"publish","type":"post","link":"https:\/\/www.europesays.com\/se\/86031\/","title":{"rendered":"Galaxy Kostnadsminskningen f\u00f6r S26 kan sk\u00f6rda \u00e4nnu ett offer, eftersom Galaxy S26-seriens sk\u00e4rm p\u00e5st\u00e5s beh\u00e5lla den senaste generationens maximala ljusstyrka"},"content":{"rendered":"<p class=\"bodytext\"><a href=\"https:\/\/x.com\/UniverseIce\/status\/1991417210686804188\" target=\"_blank\" class=\"external-link-new-window\" rel=\"nofollow\">Ice Universe h\u00e4vdar<\/a> att Galaxy S26-serien inte f\u00f6rb\u00e4ttrar den maximala ljusstyrkan p\u00e5 2 600 nits i Galaxy S25-serien, som ocks\u00e5 var densamma som Galaxy S24. \u00c4ven <a href=\"http:\/\/www.notebookcheck.net\/Leak-reveals-upgraded-wired-charging-for-Galaxy-S26-Ultra-but-no-change-for-Galaxy-S26-and-Galaxy-S26-Plus.1164240.0.html\" target=\"_self\" class=\"internal-link\" rel=\"nofollow noopener\">Galaxy S26 Ultra<\/a> s\u00e4gs beh\u00e5lla den maximala ljusstyrkan p\u00e5 2 600 nits. Som en referens, h\u00e4r \u00e4r hur basen Galaxy S26 konkurrenter staplar upp n\u00e4r det g\u00e4ller Peak Brightness:<\/p>\n<p class=\"bodytext\">S\u00e5 \u00e4ven om en ljusstyrka p\u00e5 2 600 nits \u00e4r mer \u00e4n tillr\u00e4ckligt f\u00f6r utomhusbruk, kan vi inte l\u00e5ta bli att t\u00e4nka att Samsung begr\u00e4nsar den maximala ljusstyrkan p\u00e5 Galaxy S26 eftersom antingen AMOLED-panelen som anv\u00e4nds inte kan bli tillr\u00e4ckligt ljusstark eller f\u00f6r att h\u00e5lla termiken i schack. Det f\u00f6rstn\u00e4mnda \u00e4r inte ett stort problem eftersom sk\u00e4rmen p\u00e5 <a href=\"http:\/\/www.notebookcheck.net\/Samsung-Galaxy-S25-review-The-star-among-compact-smartphones-is-losing-ground.989246.0.html\" target=\"_self\" class=\"internal-link\" rel=\"nofollow noopener\">Galaxy S25<\/a> \u00e4r redan ganska bra, men det senare skulle tyda p\u00e5 att Samsung inte har mycket f\u00f6rtroende f\u00f6r kyll\u00f6sningen inuti <a href=\"http:\/\/www.notebookcheck.net\/All-Galaxy-S26-phones-to-beat-respective-iPhone-17-models-in-both-weight-and-thickness.1164099.0.html\" target=\"_self\" class=\"internal-link\" rel=\"nofollow noopener\">Galaxy S26-serien<\/a>.<\/p>\n<p class=\"bodytext\">Slutligen h\u00e4vdar Ice Universe att Samsungs potentiella begr\u00e4nsning av Peak Brightness f\u00f6r Galaxy S26-serien till 2 600 nits inte n\u00f6dv\u00e4ndigtvis betyder att f\u00f6retaget inte kommer att anv\u00e4nda de senaste M14 OLED-panelerna. Den st\u00f6rsta f\u00f6rdelen med de senaste M14 AMOLED-sk\u00e4rmarna \u00e4r den minskade tjockleken, den h\u00f6gre ljusstyrkan och den f\u00f6rb\u00e4ttrade energieffektiviteten. <\/p>\n","protected":false},"excerpt":{"rendered":"Ice Universe h\u00e4vdar att Galaxy S26-serien inte f\u00f6rb\u00e4ttrar den maximala ljusstyrkan p\u00e5 2 600 nits i Galaxy S25-serien,&hellip;\n","protected":false},"author":2,"featured_media":86032,"comment_status":"","ping_status":"","sticky":false,"template":"","format":"standard","meta":{"footnotes":""},"categories":[66],"tags":[7083,8747,9208,9207,9209,9211,8748,9210,7084,7085,80,78,79,34,31,33,32,30,81,84,83,82],"class_list":{"0":"post-86031","1":"post","2":"type-post","3":"status-publish","4":"format-standard","5":"has-post-thumbnail","7":"category-vetenskap-och-teknik","8":"tag-barbar-dator","9":"tag-galaxy-s26","10":"tag-galaxy-s26-display","11":"tag-galaxy-s26-lacker","12":"tag-galaxy-s26-plus","13":"tag-galaxy-s26-plus-display","14":"tag-galaxy-s26-ultra","15":"tag-galaxy-s26-ultra-display-lacker","16":"tag-laptop","17":"tag-notebook","18":"tag-science","19":"tag-science-and-technology","20":"tag-scienceandtechnology","21":"tag-se","22":"tag-svenska","23":"tag-sverige","24":"tag-sweden","25":"tag-swedish","26":"tag-technology","27":"tag-teknik","28":"tag-vetenskap","29":"tag-vetenskapteknik"},"share_on_mastodon":{"url":"https:\/\/pubeurope.com\/@se\/115584683470055812","error":""},"_links":{"self":[{"href":"https:\/\/www.europesays.com\/se\/wp-json\/wp\/v2\/posts\/86031","targetHints":{"allow":["GET"]}}],"collection":[{"href":"https:\/\/www.europesays.com\/se\/wp-json\/wp\/v2\/posts"}],"about":[{"href":"https:\/\/www.europesays.com\/se\/wp-json\/wp\/v2\/types\/post"}],"author":[{"embeddable":true,"href":"https:\/\/www.europesays.com\/se\/wp-json\/wp\/v2\/users\/2"}],"replies":[{"embeddable":true,"href":"https:\/\/www.europesays.com\/se\/wp-json\/wp\/v2\/comments?post=86031"}],"version-history":[{"count":0,"href":"https:\/\/www.europesays.com\/se\/wp-json\/wp\/v2\/posts\/86031\/revisions"}],"wp:featuredmedia":[{"embeddable":true,"href":"https:\/\/www.europesays.com\/se\/wp-json\/wp\/v2\/media\/86032"}],"wp:attachment":[{"href":"https:\/\/www.europesays.com\/se\/wp-json\/wp\/v2\/media?parent=86031"}],"wp:term":[{"taxonomy":"category","embeddable":true,"href":"https:\/\/www.europesays.com\/se\/wp-json\/wp\/v2\/categories?post=86031"},{"taxonomy":"post_tag","embeddable":true,"href":"https:\/\/www.europesays.com\/se\/wp-json\/wp\/v2\/tags?post=86031"}],"curies":[{"name":"wp","href":"https:\/\/api.w.org\/{rel}","templated":true}]}}