{"id":86054,"date":"2025-11-21T01:40:18","date_gmt":"2025-11-21T01:40:18","guid":{"rendered":"https:\/\/www.europesays.com\/se\/86054\/"},"modified":"2025-11-21T01:40:18","modified_gmt":"2025-11-21T01:40:18","slug":"ett-nytt-kapitel-i-en-unik-idrottshistoria","status":"publish","type":"post","link":"https:\/\/www.europesays.com\/se\/86054\/","title":{"rendered":"Ett nytt kapitel i en unik idrottshistoria"},"content":{"rendered":"<p>    \t\t  <img loading=\"lazy\" decoding=\"async\" src=\"https:\/\/www.europesays.com\/se\/wp-content\/uploads\/2025\/11\/fotboll_och_pengar.jpg\" alt=\"\" title=\"Ett utdraget och p\u00e5frestande kapitel i Svensk fotbollshistoria, d\u00e4r vi  med sp\u00e4nning  inv\u00e4ntar slutresultatet, med allt vad det inneb\u00e4r...\" width=\"1600\" height=\"1021\" class=\"imagecache imagecache-100_proc imagecache-default imagecache-100_proc_default\" \/><\/p>\n<p>Ett utdraget och p\u00e5frestande kapitel i Svensk fotbollshistoria, d\u00e4r vi  med sp\u00e4nning  inv\u00e4ntar slutresultatet, med allt vad det inneb\u00e4r&#8230;<\/p>\n<p>\u00a0Men\u00a0 nu \u00e4r det h\u00e4r inte ett VM-slutspel vilket som helst. 48 lag skall f\u00f6rdelas \u00f6ver Kanada, USA och Mexiko. Det betyder inte v\u00e4rldens 46 b\u00e4sta lag. S\u00e5 usla fotbollsnationer som Kap Verde och Curasao \u00e4r redan klara tack vare ut\u00f6kningen av antal lag och det geografiskt uppdelade kvalet och i s\u00e5 motto beh\u00f6ver v\u00e4l inte svenskarna be om urs\u00e4kt om de till slut kravlar sig dit.<\/p>\n<p>En berg-och-dal-bana<\/p>\n<p>Det var Martin Dahlin som \u00e4nnu en g\u00e5ng fick upptr\u00e4da som en v\u00e4lg\u00f6rare f\u00f6r svensk fotboll n\u00e4r han drog den lott som f\u00f6rkunnade att Sverige skulle m\u00f6ta Ukraina ist\u00e4llet f\u00f6r n\u00e5got av de andra t\u00e4nkbara alternativen; Danmark, Italien eller Turkiet. Visst, varken Danmark eller Italien f\u00f6rfogar \u00f6ver sina l\u00e4nders b\u00e4sta generation men hade varit storfavoriter \u00e4nd\u00e5, f\u00f6r det enda vi har att j\u00e4mf\u00f6ra med \u00e4r ett svenskt landslag som gjort ett historiskt urd\u00e5ligt kval.<\/p>\n<p>Turkiet borta \u00e4r alltid en mardr\u00f6m. Det k\u00e4nns redan nu som att vi alla kommer att \u00e5ka en k\u00e4nslom\u00e4ssig ber-och-dal-bana inf\u00f6r den h\u00e4r matchen.I flera \u00e5r har vi t\u00e4nkt p\u00e5 detta Ukraina, sk\u00e4nkt det vi kunnat, protesterat s\u00e5 mycket vi orkat, unnat detta land ett nytt liv och en tid d\u00e4r man med gott samvete och utan att beh\u00f6va leta efter skyddsrummen kan t\u00e4nka p\u00e5 och gl\u00e4djas \u00e5t en framg\u00e5ng i fotboll. S\u00e5 vi f\u00e5r v\u00e4l se hur vi k\u00e4nner n\u00e4r den dagen kommer.<\/p>\n<p>Som sagt; sympatierna f\u00f6r det svenska landslaget har v\u00e4l aldrig varit l\u00e4gre men n\u00e5gonstans finns \u00e4nd\u00e5 i tankarna att vi har en svensk fotbollsgeneration p\u00e5 g\u00e5ng som skulle f\u00f6rtj\u00e4na ett VM-slutspel. Det f\u00f6ruts\u00e4tter att Dejan Kulusevski, Alexander Isak, Viktor Gy\u00f6keres och deras entourage inte bara \u00e4r fullt friska utan i full karri\u00e4r, i topptrim, g\u00f6r m\u00e5l, g\u00f6r avtryck i sin liga och v\u00e4xlar upp till det vi trodde skulle vara m\u00f6jligt f\u00f6r n\u00e5got \u00e5r sedan.<\/p>\n<p>Inget att satsa p\u00e5<\/p>\n<p>F\u00f6r mitt i besvikelsen \u00f6ver ett landslag som totalt tappat f\u00e4rgen och formen s\u00e5 verkar det som att turen i alla fall inte sviker. Sverige gick in i VM-kval i en grupp som &#8211; med det lag som vi trodde att vi hade p\u00e5 en h\u00f6g niv\u00e5 &#8211; till och med borde ha vunnit. Nu blev det konstigt nog ett fiasko fr\u00e5n Janne Anderssons dagar (oj, vad l\u00e4nge sedan det k\u00e4nns), Sveriges fall ner i Nations Leagus C-grupp, som banade v\u00e4gen f\u00f6r det playoff som nu skall genomf\u00f6ras. D\u00e5 m\u00f6tte vi de verkliga bl\u00e5b\u00e4rslagen, seriesegern gick inte att undvika och tack vare den lever det svenska hoppet.<\/p>\n<p>Absurt att efter ett fiasko i en l\u00e4tt VM-kvalgrupp f\u00f6reg\u00e5ngen av en gruppseger i till konstlad nationst\u00e4vling som kommit till bara f\u00f6r att eliminera helt vanliga tr\u00e4ningsmatcher nu \u00f6ppnar f\u00f6r detta drama som v\u00e4ntar i mars. Lottningen i Z\u00fcrich slutade inte bara med att Sverige drog vinstlotten (tror vi v\u00e4l) utan fastslog ocks\u00e5 att om Sverige vinner blir det hemmamatch p\u00e5 en gr\u00e4smatta i Solna som fortfarande ser lika usel ut som den alltid gjort.<\/p>\n<p>Vi kan inte kvalificera oss p\u00e5 hederligt vis till ett VM l\u00e4ngre och i Stockholm kan man inte ens f\u00e5 gr\u00e4s att v\u00e4xa. Men p\u00e5 detta underlag, vad vi nu skall kalla det, kommer Sverige att m\u00f6ta vinnaren mellan Polen och Albanien i playoff-final. Jag kommer inte att satsa en femkrona p\u00e5 svensk seger i den matchen \u00e4ven om det kanske hade gett det tiodubbla tillbaka.<\/p>\n<p>Ett sv\u00e5ranalyserat lag<\/p>\n<p>Det \u00e4r Graham Potter som skall reda ut den h\u00e4r h\u00e4rvan av tvivel, d\u00e5liga sj\u00e4lvf\u00f6rtroende, vilseg\u00e5ngna spelare som lockades in i en glamour-fotboll som de inte beh\u00e4rskade och bort ifr\u00e5n det s\u00e4kerhetsspel som alltid pr\u00e4glat svenska landslaget. Nu m\u00e5ste Potter g\u00e5 tillbaka till grunderna och han har inte f\u00e5tt n\u00e5gon bra start. Han fick laborera med spelare som inte kommer att finnas med p\u00e5 en enda lista n\u00e4r &#8211; och om &#8211; det blir dags att eventuellt plocka ihop en VM-trupp.<\/p>\n<p>Han st\u00e5r efter sina tv\u00e5 matcher p\u00e5 ruta ett. Han har ett nytt lag i mars f\u00e5r vi hoppas. Det \u00e4r inte mycket han kan g\u00f6ra. Han kan bara hoppas p\u00e5 att de spelare som skall b\u00e4ra det h\u00e4r laget kommer in i full vig\u00f6r och g\u00f6ra det de vet beh\u00f6ver g\u00f6ras. Det \u00e4r spelarnas h\u00e4lsa och klokskap han f\u00e5r f\u00f6rlita sig p\u00e5.<\/p>\n<p>Ukrainas landslag \u00e4r sv\u00e5ranalyserat. Frankrike vann kvalgruppen p\u00e5 16 po\u00e4ng, Ukraina tv\u00e5a p\u00e5 10, avg\u00f6randet skedde mot ett Island som inte heller h\u00e5ller samma niv\u00e5 som f\u00f6r n\u00e5gra \u00e5r sedan. Man vet heller inte vad det helvete som landet genomg\u00e5tt de senaste \u00e5ren g\u00f6r med m\u00e4nniskor men mitt bland tankarna p\u00e5 att det finns en st\u00f6rre och viktigare match som skall vinnas mot en betydligt sv\u00e5rare motst\u00e5ndare, v\u00e4xer ocks\u00e5 s\u00e4kert den nationella stoltheten och behovet av att visa att det m\u00e5ste existera ett liv som kan p\u00e5minna om det normala \u00e4ven i de v\u00e4rsta av tider.<\/p>\n<p>S\u00e5 \u00e4ven om lottningen kanske fick b\u00e4sta m\u00f6jliga utfall f\u00f6r Sverige. Ukraina i Warszawa den 26 mars blir en p\u00e4rs.<\/p>\n","protected":false},"excerpt":{"rendered":"Ett utdraget och p\u00e5frestande kapitel i Svensk fotbollshistoria, d\u00e4r vi med sp\u00e4nning inv\u00e4ntar slutresultatet, med allt vad det&hellip;\n","protected":false},"author":2,"featured_media":86055,"comment_status":"","ping_status":"","sticky":false,"template":"","format":"standard","meta":{"footnotes":""},"categories":[5],"tags":[3222,3221,22,23,3039,26,27,9249,17,21,3226,24,25,28,29,15,16,18,34,3220,3225,31,33,32,30,19,20,3223,3224],"class_list":{"0":"post-86054","1":"post","2":"type-post","3":"status-publish","4":"format-standard","5":"has-post-thumbnail","7":"category-rubriker","8":"tag-affarer","9":"tag-arena","10":"tag-breaking-news","11":"tag-breakingnews","12":"tag-event","13":"tag-featured-news","14":"tag-featurednews","15":"tag-fotboll-vm-kval","16":"tag-headlines","17":"tag-huvudnyheter","18":"tag-idrott","19":"tag-latest-news","20":"tag-latestnews","21":"tag-main-news","22":"tag-mainnews","23":"tag-news","24":"tag-nyheter","25":"tag-rubriker","26":"tag-se","27":"tag-sponsring","28":"tag-sport-och-spel","29":"tag-svenska","30":"tag-sverige","31":"tag-sweden","32":"tag-swedish","33":"tag-top-stories","34":"tag-topstories","35":"tag-transfer","36":"tag-tv-nyheter"},"share_on_mastodon":{"url":"https:\/\/pubeurope.com\/@se\/115585143657463713","error":""},"_links":{"self":[{"href":"https:\/\/www.europesays.com\/se\/wp-json\/wp\/v2\/posts\/86054","targetHints":{"allow":["GET"]}}],"collection":[{"href":"https:\/\/www.europesays.com\/se\/wp-json\/wp\/v2\/posts"}],"about":[{"href":"https:\/\/www.europesays.com\/se\/wp-json\/wp\/v2\/types\/post"}],"author":[{"embeddable":true,"href":"https:\/\/www.europesays.com\/se\/wp-json\/wp\/v2\/users\/2"}],"replies":[{"embeddable":true,"href":"https:\/\/www.europesays.com\/se\/wp-json\/wp\/v2\/comments?post=86054"}],"version-history":[{"count":0,"href":"https:\/\/www.europesays.com\/se\/wp-json\/wp\/v2\/posts\/86054\/revisions"}],"wp:featuredmedia":[{"embeddable":true,"href":"https:\/\/www.europesays.com\/se\/wp-json\/wp\/v2\/media\/86055"}],"wp:attachment":[{"href":"https:\/\/www.europesays.com\/se\/wp-json\/wp\/v2\/media?parent=86054"}],"wp:term":[{"taxonomy":"category","embeddable":true,"href":"https:\/\/www.europesays.com\/se\/wp-json\/wp\/v2\/categories?post=86054"},{"taxonomy":"post_tag","embeddable":true,"href":"https:\/\/www.europesays.com\/se\/wp-json\/wp\/v2\/tags?post=86054"}],"curies":[{"name":"wp","href":"https:\/\/api.w.org\/{rel}","templated":true}]}}