{"id":86058,"date":"2025-11-21T02:53:17","date_gmt":"2025-11-21T02:53:17","guid":{"rendered":"https:\/\/www.europesays.com\/se\/86058\/"},"modified":"2025-11-21T02:53:17","modified_gmt":"2025-11-21T02:53:17","slug":"ssmfs-jubileumspris-lakartidningen","status":"publish","type":"post","link":"https:\/\/www.europesays.com\/se\/86058\/","title":{"rendered":"SSMF:s Jubileumspris \u2013 L\u00e4kartidningen"},"content":{"rendered":"<p>\t\t\t\t<img alt=\"\" class=\"MediaWrapper-content BodyImage-imageObject\" src=\"https:\/\/www.europesays.com\/se\/wp-content\/uploads\/2025\/11\/samir-el-andaloussi.jpg\" data-lazy-load-target=\"content\" width=\"640\" height=\"426\" loading=\"lazy\" decoding=\"async\" fetchpriority=\"auto\"\/><\/p>\n<p>\t\t\t\t\t\t\tFoto: Melker Dalhstrand\n\t\t\t\t\t\t\t\t\t<\/p>\n<p>Samir El \u00adAndaloussi bel\u00f6nas f\u00f6r sin forskning inom genterapier och priset delades under en prisceremoni ut av H M Drottningen.<\/p>\n<p>\n\t\tAnnons\t\t\t<\/p>\n<p>\t\t<a href=\"https:\/\/dw250ad2fwsz1.cloudfront.net\/962a1cfe-f9f4-4134-8c11-1f2de1c4386d\/b962078a-9622-4493-a818-5a2672b6af6a\/b962078a-9622-4493-a818-5a2672b6af6a_source__v.pdf\" data-ad-target=\"link\" class=\"Ad-content\" rel=\"sponsored nofollow noopener\" target=\"_blank\"><\/p>\n<p>\t\t\t\t<img alt=\"Annons\" class=\"MediaWrapper-content Ad-image\" src=\"https:\/\/www.europesays.com\/se\/wp-content\/uploads\/2025\/11\/1763693597_578_pp-tr-se-0196-se-mounjaro-web-banners-1404x720-v1.gif\" data-lazy-load-target=\"content\" width=\"468\" height=\"240\" loading=\"lazy\" decoding=\"async\" fetchpriority=\"auto\"\/><\/p>\n<p>\t\t<\/a><\/p>\n<p>SSMF:s motivering lyder: \u00bbProfessor Samir El Andaloussi prisas f\u00f6r sin v\u00e4rldsledande, innovativa och tv\u00e4rvetenskapliga forskning om banbrytande s\u00e4tt att transportera l\u00e4kemedel. Hans f\u00f6rstklassiga arbete \u00f6ppnar v\u00e4gar f\u00f6r framtidens genterapi inom omr\u00e5den som neurologi, cancer och andra sjukdomar d\u00e4r nya behandlingar \u00e4r starkt efterfr\u00e5gade.\u00ab<\/p>\n","protected":false},"excerpt":{"rendered":"Foto: Melker Dalhstrand Samir El \u00adAndaloussi bel\u00f6nas f\u00f6r sin forskning inom genterapier och priset delades under en prisceremoni&hellip;\n","protected":false},"author":2,"featured_media":86059,"comment_status":"","ping_status":"","sticky":false,"template":"","format":"standard","meta":{"footnotes":""},"categories":[69],"tags":[113,112,34,31,33,32,30],"class_list":{"0":"post-86058","1":"post","2":"type-post","3":"status-publish","4":"format-standard","5":"has-post-thumbnail","7":"category-halsa","8":"tag-halsa","9":"tag-health","10":"tag-se","11":"tag-svenska","12":"tag-sverige","13":"tag-sweden","14":"tag-swedish"},"share_on_mastodon":{"url":"https:\/\/pubeurope.com\/@se\/115585430630205609","error":""},"_links":{"self":[{"href":"https:\/\/www.europesays.com\/se\/wp-json\/wp\/v2\/posts\/86058","targetHints":{"allow":["GET"]}}],"collection":[{"href":"https:\/\/www.europesays.com\/se\/wp-json\/wp\/v2\/posts"}],"about":[{"href":"https:\/\/www.europesays.com\/se\/wp-json\/wp\/v2\/types\/post"}],"author":[{"embeddable":true,"href":"https:\/\/www.europesays.com\/se\/wp-json\/wp\/v2\/users\/2"}],"replies":[{"embeddable":true,"href":"https:\/\/www.europesays.com\/se\/wp-json\/wp\/v2\/comments?post=86058"}],"version-history":[{"count":0,"href":"https:\/\/www.europesays.com\/se\/wp-json\/wp\/v2\/posts\/86058\/revisions"}],"wp:featuredmedia":[{"embeddable":true,"href":"https:\/\/www.europesays.com\/se\/wp-json\/wp\/v2\/media\/86059"}],"wp:attachment":[{"href":"https:\/\/www.europesays.com\/se\/wp-json\/wp\/v2\/media?parent=86058"}],"wp:term":[{"taxonomy":"category","embeddable":true,"href":"https:\/\/www.europesays.com\/se\/wp-json\/wp\/v2\/categories?post=86058"},{"taxonomy":"post_tag","embeddable":true,"href":"https:\/\/www.europesays.com\/se\/wp-json\/wp\/v2\/tags?post=86058"}],"curies":[{"name":"wp","href":"https:\/\/api.w.org\/{rel}","templated":true}]}}