{"id":86062,"date":"2025-11-21T03:03:25","date_gmt":"2025-11-21T03:03:25","guid":{"rendered":"https:\/\/www.europesays.com\/se\/86062\/"},"modified":"2025-11-21T03:03:25","modified_gmt":"2025-11-21T03:03:25","slug":"game-of-thrones-skaparnas-nya-serie-gor-succe-90-i-betyg-pa-rotten-tomatoes","status":"publish","type":"post","link":"https:\/\/www.europesays.com\/se\/86062\/","title":{"rendered":"&#8221;Game of Thrones&#8221;-skaparnas nya serie g\u00f6r succ\u00e9 &#8211; 90% i betyg p\u00e5 Rotten Tomatoes"},"content":{"rendered":"<p>Tidigare i november sl\u00e4pptes en ny miniserie i fyra delar med titeln \u201dDeath by Lightning\u201d p\u00e5 Netflix.Serien ber\u00e4ttar historien om USA:s 20:e president, James Garfield, hans karri\u00e4r och mordet p\u00e5 honom som begicks av Charles J. Guiteau. I huvudrollerna syns den tv\u00e5faldigt Oscarsnominerade Michael Shannon och \u201dSuccession\u201d-stj\u00e4rnan Matthew Macfadyen.<\/p>\n<p>Mindre \u00e4n tv\u00e5 veckor efter premi\u00e4ren har serien blivit en av Netflix mest sedda serier i november. F\u00f6rutom tittarsiffrorna har kritikerna varit entusiastiska \u00f6ver miniserien, med ett <a href=\"https:\/\/www.rottentomatoes.com\/tv\/death_by_lightning\" target=\"_blank\" rel=\"noreferrer noopener nofollow\">Rotten Tomatoes<\/a>-betyg som f\u00f6r n\u00e4rvarande ligger p\u00e5 imponerande 90 procent.<\/p>\n<p>\u201dDeath by Lightning\u201d produceras av <strong>DB Weiss <\/strong>och <strong>David Benioff<\/strong>, k\u00e4nda f\u00f6r sitt arbete med Game of Thrones. Duon tecknade ett partnerskap med Netflix \u00e5r 2019 och har sedan dess producerat tre projekt: \u201dThe Chair\u201d, \u201d3 Body Problem\u201d och nu senast \u201dDeath by Lightning\u201d. Alla deras verk har i stort sett mottagits v\u00e4l av b\u00e5de kritiker och publik.<\/p>\n<p>Succ\u00e9n kan ses som en revansch efter att <a href=\"https:\/\/www.moviezine.se\/nyheter\/kronika-game-of-thrones-finalen-fortjanar-inte-den-massiva-kritiken\" rel=\"nofollow noopener\" target=\"_blank\">\u201dGame of Thrones\u201d slutade med en besvikelse<\/a> \u2013 enligt m\u00e5ngas \u00e5sikt \u2013 \u00e5r 2019.<\/p>\n<p><img loading=\"lazy\" height=\"432\" width=\"648\" class=\"wp-image-706606 sp-no-webp perfmatters-lazy\" alt=\"\" decoding=\"async\" src=\"https:\/\/www.europesays.com\/se\/wp-content\/uploads\/2025\/11\/LIGHTNING_102_Unit_01334R-648x432.jpg\"  data-\/> Nick Offerman i \u201dDeath by Lightning\u201d.<\/p>\n<p>F\u00f6rutom Netflix-avtalet var duon n\u00e4ra att g\u00f6ra en \u201dStar Wars\u201d-film eller till och med en trilogi, men planerna st\u00e4lldes in \u2013 \u00e5tminstone f\u00f6r tillf\u00e4llet. F\u00f6rra \u00e5ret \u00f6ppnade Weiss och Benioff upp om orsakerna till <a href=\"https:\/\/www.moviezine.se\/nyheter\/game-of-thrones-skaparna-avslojar-varfor-de-inte-gjorde-sin-star-wars-film\" rel=\"nofollow noopener\" target=\"_blank\">varf\u00f6r deras \u201dStar Wars\u201d lader ned<\/a> mer i detalj.<\/p>\n<p>\u2013 Lucasfilm ville i slut\u00e4ndan inte g\u00f6ra en ber\u00e4ttelse om den f\u00f6rsta Jedin. Vi hade en v\u00e4ldigt specifik ber\u00e4ttelse i \u00e5tanke, men de best\u00e4mde sig f\u00f6r att de inte ville g\u00f6ra det. Och vi f\u00f6rst\u00e5r det helt och h\u00e5llet. Det \u00e4r deras f\u00f6retag och deras IP, men vi var inte de droider de letade efter, sa Benioff till The Hollywood Reporter.<\/p>\n<p>Duon forts\u00e4tter dock att arbeta med Netflix-projekt. H\u00e4rn\u00e4st v\u00e4ntar andra s\u00e4songen av serien \u201d3 Body Problem\u201d.<\/p>\n<p>\u201dOm du gillar historiska miniserier baserade p\u00e5 verkliga h\u00e4ndelser, s\u00e5 r\u00e5der det ingen tvekan om att \u201dDeath by Lightning\u201d kommer att bli en hit\u201d <a href=\"https:\/\/www.moviezine.se\/nyheter\/death-by-lightning-miniserie-netflix-president\" rel=\"nofollow noopener\" target=\"_blank\">tipsade MovieZines tv-redakt\u00f6r<\/a> inf\u00f6r premi\u00e4ren.<\/p>\n<p>Alla fyra avsnitt av \u201dDeath by Lighting\u201d finns nu tillg\u00e4ngliga att streama. Musiken \u00e4r gjord av Ramin Djawadi, som \u00e4r v\u00e4lk\u00e4nd f\u00f6r sitt bidrag till fantasyv\u00e4rlden Westeros.<\/p>\n<p><img loading=\"lazy\" decoding=\"async\" alt=\"YouTube video\" width=\"480\" height=\"360\" data-pin-nopin=\"true\" nopin=\"nopin\" class=\"perfmatters-lazy\" src=\"https:\/\/www.europesays.com\/se\/wp-content\/uploads\/2025\/11\/1763694205_618_hqdefault.jpg\"\/><\/p>\n<p>L\u00e4s ocks\u00e5: <a href=\"https:\/\/www.moviezine.se\/nyheter\/netflix-slapper-dokumentar-om-legendariska-filmaret-1975\" title=\"Netflix sl\u00e4pper dokument\u00e4r om legendariska film\u00e5ret 1975\" class=\"underline-custom !font-montserrat !font-bold !underline-offset-4 !decoration-4 !decoration-moviezine-green !text-md\" rel=\"nofollow noopener\" target=\"_blank\">Netflix sl\u00e4pper dokument\u00e4r om legendariska film\u00e5ret 1975<\/a><\/p>\n<p>L\u00e4s ocks\u00e5: <a href=\"https:\/\/www.moviezine.se\/nyheter\/netflix-serietips-absentia\" title=\"Svenska Netflix-tittare tipsar om \u201dvansinnigt sp\u00e4nnande\u201d thriller \u2013 3 s\u00e4songer har just sl\u00e4ppts\" class=\"underline-custom !font-montserrat !font-bold !underline-offset-4 !decoration-4 !decoration-moviezine-green !text-md\" rel=\"nofollow noopener\" target=\"_blank\">Svenska Netflix-tittare tipsar om \u201dvansinnigt sp\u00e4nnande\u201d thriller \u2013 3 s\u00e4songer har just sl\u00e4ppts<\/a><\/p>\n","protected":false},"excerpt":{"rendered":"Tidigare i november sl\u00e4pptes en ny miniserie i fyra delar med titeln \u201dDeath by Lightning\u201d p\u00e5 Netflix.Serien ber\u00e4ttar&hellip;\n","protected":false},"author":2,"featured_media":86063,"comment_status":"","ping_status":"","sticky":false,"template":"","format":"standard","meta":{"footnotes":""},"categories":[67],"tags":[104,2399,34,31,33,32,30,105],"class_list":{"0":"post-86062","1":"post","2":"type-post","3":"status-publish","4":"format-standard","5":"has-post-thumbnail","7":"category-underhallning","8":"tag-entertainment","9":"tag-netflix","10":"tag-se","11":"tag-svenska","12":"tag-sverige","13":"tag-sweden","14":"tag-swedish","15":"tag-underhallning"},"share_on_mastodon":{"url":"https:\/\/pubeurope.com\/@se\/115585470038080887","error":""},"_links":{"self":[{"href":"https:\/\/www.europesays.com\/se\/wp-json\/wp\/v2\/posts\/86062","targetHints":{"allow":["GET"]}}],"collection":[{"href":"https:\/\/www.europesays.com\/se\/wp-json\/wp\/v2\/posts"}],"about":[{"href":"https:\/\/www.europesays.com\/se\/wp-json\/wp\/v2\/types\/post"}],"author":[{"embeddable":true,"href":"https:\/\/www.europesays.com\/se\/wp-json\/wp\/v2\/users\/2"}],"replies":[{"embeddable":true,"href":"https:\/\/www.europesays.com\/se\/wp-json\/wp\/v2\/comments?post=86062"}],"version-history":[{"count":0,"href":"https:\/\/www.europesays.com\/se\/wp-json\/wp\/v2\/posts\/86062\/revisions"}],"wp:featuredmedia":[{"embeddable":true,"href":"https:\/\/www.europesays.com\/se\/wp-json\/wp\/v2\/media\/86063"}],"wp:attachment":[{"href":"https:\/\/www.europesays.com\/se\/wp-json\/wp\/v2\/media?parent=86062"}],"wp:term":[{"taxonomy":"category","embeddable":true,"href":"https:\/\/www.europesays.com\/se\/wp-json\/wp\/v2\/categories?post=86062"},{"taxonomy":"post_tag","embeddable":true,"href":"https:\/\/www.europesays.com\/se\/wp-json\/wp\/v2\/tags?post=86062"}],"curies":[{"name":"wp","href":"https:\/\/api.w.org\/{rel}","templated":true}]}}