{"id":86088,"date":"2025-11-21T04:45:29","date_gmt":"2025-11-21T04:45:29","guid":{"rendered":"https:\/\/www.europesays.com\/se\/86088\/"},"modified":"2025-11-21T04:45:29","modified_gmt":"2025-11-21T04:45:29","slug":"branden-ar-tyvarr-en-traffsaker-metafor","status":"publish","type":"post","link":"https:\/\/www.europesays.com\/se\/86088\/","title":{"rendered":"Branden \u00e4r tyv\u00e4rr en tr\u00e4ffs\u00e4ker metafor"},"content":{"rendered":"<p>Att det b\u00f6rjade brinna p\u00e5 FN:s klimattoppm\u00f6te COP30 \u00e4r en sorglig men tr\u00e4ffs\u00e4ker metafor f\u00f6r m\u00f6tet, s\u00e4ger den amerikanska klimataktivisten Jes Vesconte till The Guardian. <\/p>\n<p>Hon s\u00e4ger att kapitalistiska fossilbolag och flera l\u00e4nder blockerar framsteg i f\u00f6rhandlingarna genom att s\u00e4tta ekonomisk vinning f\u00f6re planeten. <\/p>\n<p>\u2013 De h\u00e4ller bensin p\u00e5 en brinnande v\u00e4rld.  <\/p>\n<p>Ingen uppges ha skadats i branden. Den lokala brandm\u00e4staren uppger att elektronisk utrustning, troligtvis en mikrov\u00e5gsugn, startade branden, rapporterar Reuters. <\/p>\n<p>Omni \u00e4r politiskt obundna och oberoende. Vi str\u00e4var efter att ge fler perspektiv p\u00e5 nyheterna. Har du fr\u00e5gor eller synpunkter kring v\u00e5r rapportering? <a href=\"https:\/\/omni.se\/aktivist-branden-ar-tyvarr-en-traffsaker-metafor\/a\/mailto:redaktion@omni.se\" class=\"ArticleActions_contactLink__W2F1M\" rel=\"nofollow noopener\" target=\"_blank\">Kontakta redaktionen<\/a><\/p>\n","protected":false},"excerpt":{"rendered":"Att det b\u00f6rjade brinna p\u00e5 FN:s klimattoppm\u00f6te COP30 \u00e4r en sorglig men tr\u00e4ffs\u00e4ker metafor f\u00f6r m\u00f6tet, s\u00e4ger den&hellip;\n","protected":false},"author":2,"featured_media":86089,"comment_status":"","ping_status":"","sticky":false,"template":"","format":"standard","meta":{"footnotes":""},"categories":[12],"tags":[707,22,23,6878,26,27,17,21,528,940,24,25,28,29,15,16,18,34,31,33,32,30,19,20],"class_list":{"0":"post-86088","1":"post","2":"type-post","3":"status-publish","4":"format-standard","5":"has-post-thumbnail","7":"category-sverige","8":"tag-brasilien","9":"tag-breaking-news","10":"tag-breakingnews","11":"tag-cop30","12":"tag-featured-news","13":"tag-featurednews","14":"tag-headlines","15":"tag-huvudnyheter","16":"tag-klimat-miljo","17":"tag-klimathotet","18":"tag-latest-news","19":"tag-latestnews","20":"tag-main-news","21":"tag-mainnews","22":"tag-news","23":"tag-nyheter","24":"tag-rubriker","25":"tag-se","26":"tag-svenska","27":"tag-sverige","28":"tag-sweden","29":"tag-swedish","30":"tag-top-stories","31":"tag-topstories"},"share_on_mastodon":{"url":"https:\/\/pubeurope.com\/@se\/115585870980340500","error":""},"_links":{"self":[{"href":"https:\/\/www.europesays.com\/se\/wp-json\/wp\/v2\/posts\/86088","targetHints":{"allow":["GET"]}}],"collection":[{"href":"https:\/\/www.europesays.com\/se\/wp-json\/wp\/v2\/posts"}],"about":[{"href":"https:\/\/www.europesays.com\/se\/wp-json\/wp\/v2\/types\/post"}],"author":[{"embeddable":true,"href":"https:\/\/www.europesays.com\/se\/wp-json\/wp\/v2\/users\/2"}],"replies":[{"embeddable":true,"href":"https:\/\/www.europesays.com\/se\/wp-json\/wp\/v2\/comments?post=86088"}],"version-history":[{"count":0,"href":"https:\/\/www.europesays.com\/se\/wp-json\/wp\/v2\/posts\/86088\/revisions"}],"wp:featuredmedia":[{"embeddable":true,"href":"https:\/\/www.europesays.com\/se\/wp-json\/wp\/v2\/media\/86089"}],"wp:attachment":[{"href":"https:\/\/www.europesays.com\/se\/wp-json\/wp\/v2\/media?parent=86088"}],"wp:term":[{"taxonomy":"category","embeddable":true,"href":"https:\/\/www.europesays.com\/se\/wp-json\/wp\/v2\/categories?post=86088"},{"taxonomy":"post_tag","embeddable":true,"href":"https:\/\/www.europesays.com\/se\/wp-json\/wp\/v2\/tags?post=86088"}],"curies":[{"name":"wp","href":"https:\/\/api.w.org\/{rel}","templated":true}]}}