{"id":86419,"date":"2025-11-21T13:19:08","date_gmt":"2025-11-21T13:19:08","guid":{"rendered":"https:\/\/www.europesays.com\/se\/86419\/"},"modified":"2025-11-21T13:19:08","modified_gmt":"2025-11-21T13:19:08","slug":"darfor-slar-ukraina-tillbaka-just-nu","status":"publish","type":"post","link":"https:\/\/www.europesays.com\/se\/86419\/","title":{"rendered":"d\u00e4rf\u00f6r sl\u00e5r Ukraina tillbaka just nu"},"content":{"rendered":"<p>Ett skadat ukrainskt kraftverk den 13 november efter en rysk attack. Nu sl\u00e5r Ukraina tillbaka och kraftverk b\u00e5de inne i Ryssland och i den ryskockuperade delen av Ukraina b\u00f6rjar se ut p\u00e5 liknande vis. Foto: AP Photo\/Efrem Lukatsky<\/p>\n<p>\u00d6ver 65 procent av befolkningen i det ockuperade Donbass sitter utan elektricitet efter ukrainska attacker mot regionens v\u00e4rmekraftverk. Bakom beslutet ligger en brutal kalkyl: om Moskva bombar s\u00f6nder ukrainska st\u00e4der, varf\u00f6r ska d\u00e5 de rysk-kontrollerade omr\u00e5dena leva som vanligt?<\/p>\n","protected":false},"excerpt":{"rendered":"Ett skadat ukrainskt kraftverk den 13 november efter en rysk attack. Nu sl\u00e5r Ukraina tillbaka och kraftverk b\u00e5de&hellip;\n","protected":false},"author":2,"featured_media":86420,"comment_status":"","ping_status":"","sticky":false,"template":"","format":"standard","meta":{"footnotes":""},"categories":[14],"tags":[22,23,26,27,17,21,24,25,28,29,15,16,18,34,31,33,32,30,19,20,51,52,53,54],"class_list":{"0":"post-86419","1":"post","2":"type-post","3":"status-publish","4":"format-standard","5":"has-post-thumbnail","7":"category-varlden","8":"tag-breaking-news","9":"tag-breakingnews","10":"tag-featured-news","11":"tag-featurednews","12":"tag-headlines","13":"tag-huvudnyheter","14":"tag-latest-news","15":"tag-latestnews","16":"tag-main-news","17":"tag-mainnews","18":"tag-news","19":"tag-nyheter","20":"tag-rubriker","21":"tag-se","22":"tag-svenska","23":"tag-sverige","24":"tag-sweden","25":"tag-swedish","26":"tag-top-stories","27":"tag-topstories","28":"tag-varlden","29":"tag-world","30":"tag-world-news","31":"tag-worldnews"},"share_on_mastodon":{"url":"https:\/\/pubeurope.com\/@se\/115587892107435442","error":""},"_links":{"self":[{"href":"https:\/\/www.europesays.com\/se\/wp-json\/wp\/v2\/posts\/86419","targetHints":{"allow":["GET"]}}],"collection":[{"href":"https:\/\/www.europesays.com\/se\/wp-json\/wp\/v2\/posts"}],"about":[{"href":"https:\/\/www.europesays.com\/se\/wp-json\/wp\/v2\/types\/post"}],"author":[{"embeddable":true,"href":"https:\/\/www.europesays.com\/se\/wp-json\/wp\/v2\/users\/2"}],"replies":[{"embeddable":true,"href":"https:\/\/www.europesays.com\/se\/wp-json\/wp\/v2\/comments?post=86419"}],"version-history":[{"count":0,"href":"https:\/\/www.europesays.com\/se\/wp-json\/wp\/v2\/posts\/86419\/revisions"}],"wp:featuredmedia":[{"embeddable":true,"href":"https:\/\/www.europesays.com\/se\/wp-json\/wp\/v2\/media\/86420"}],"wp:attachment":[{"href":"https:\/\/www.europesays.com\/se\/wp-json\/wp\/v2\/media?parent=86419"}],"wp:term":[{"taxonomy":"category","embeddable":true,"href":"https:\/\/www.europesays.com\/se\/wp-json\/wp\/v2\/categories?post=86419"},{"taxonomy":"post_tag","embeddable":true,"href":"https:\/\/www.europesays.com\/se\/wp-json\/wp\/v2\/tags?post=86419"}],"curies":[{"name":"wp","href":"https:\/\/api.w.org\/{rel}","templated":true}]}}