{"id":86421,"date":"2025-11-21T13:20:13","date_gmt":"2025-11-21T13:20:13","guid":{"rendered":"https:\/\/www.europesays.com\/se\/86421\/"},"modified":"2025-11-21T13:20:13","modified_gmt":"2025-11-21T13:20:13","slug":"man-doms-for-tortyrhot-mot-journalist-pa-p4-kalmar","status":"publish","type":"post","link":"https:\/\/www.europesays.com\/se\/86421\/","title":{"rendered":"Man d\u00f6ms f\u00f6r tortyrhot mot journalist p\u00e5 P4 Kalmar"},"content":{"rendered":"<p>Publicerad 21 nov 2025 kl 13.09<\/p>\n<p>En journalist p\u00e5 <a href=\"https:\/\/www.sverigesradio.se\/artikel\/tortyrhotade-p4-kalmars-journalist-doms-till-fangelse\" rel=\"nofollow noopener\" target=\"_blank\">P4 Kalmar<\/a> utsattes f\u00f6r allvarliga hot efter att ha rapporterat fr\u00e5n en g\u00e4ngr\u00e4tteg\u00e5ng.\u00a0<\/p>\n<p>Nu d\u00f6ms en man i 20-\u00e5rs\u00e5ldern till f\u00e4ngelse.<\/p>\n<p>Senaste nyhetsklippen fr\u00e5n Expressen.<img   alt=\"\"\/><\/p>\n<p>En man i 20-\u00e5rs\u00e5ldern d\u00f6ms f\u00f6r hot mot en P4-journalist.<\/p>\n<p>Foto: Johan Nilsson\/TT \/ TT NYHETSBYR\u00c5N<\/p>\n<p>\u00d6ppna bild i helsk\u00e4rm<\/p>\n<p>Hotet f\u00f6rmedlades via Instagram. Journalisten uppmanades att t\u00e4nka efter vad hon skriver och fick h\u00f6ra att hon skulle torteras och br\u00e4nnas levande.<\/p>\n<p>Mannen d\u00f6ms \u00e4ven f\u00f6r brott mot andra personer, bland annat misshandel. Straffet blir f\u00e4ngelse i ett \u00e5r och sex m\u00e5nader.<\/p>\n","protected":false},"excerpt":{"rendered":"Publicerad 21 nov 2025 kl 13.09 En journalist p\u00e5 P4 Kalmar utsattes f\u00f6r allvarliga hot efter att ha&hellip;\n","protected":false},"author":2,"featured_media":86422,"comment_status":"","ping_status":"","sticky":false,"template":"","format":"standard","meta":{"footnotes":""},"categories":[12],"tags":[22,23,26,27,17,21,24,25,3523,28,29,15,16,1095,18,34,666,31,33,32,30,19,205,136,20],"class_list":{"0":"post-86421","1":"post","2":"type-post","3":"status-publish","4":"format-standard","5":"has-post-thumbnail","7":"category-sverige","8":"tag-breaking-news","9":"tag-breakingnews","10":"tag-featured-news","11":"tag-featurednews","12":"tag-headlines","13":"tag-huvudnyheter","14":"tag-latest-news","15":"tag-latestnews","16":"tag-location-kalmar","17":"tag-main-news","18":"tag-mainnews","19":"tag-news","20":"tag-nyheter","21":"tag-organization-sveriges-radio","22":"tag-rubriker","23":"tag-se","24":"tag-sections-krim","25":"tag-svenska","26":"tag-sverige","27":"tag-sweden","28":"tag-swedish","29":"tag-top-stories","30":"tag-topic-journalistik-medier","31":"tag-topic-rattegangar-domar","32":"tag-topstories"},"share_on_mastodon":{"url":"https:\/\/pubeurope.com\/@se\/115587896080331350","error":""},"_links":{"self":[{"href":"https:\/\/www.europesays.com\/se\/wp-json\/wp\/v2\/posts\/86421","targetHints":{"allow":["GET"]}}],"collection":[{"href":"https:\/\/www.europesays.com\/se\/wp-json\/wp\/v2\/posts"}],"about":[{"href":"https:\/\/www.europesays.com\/se\/wp-json\/wp\/v2\/types\/post"}],"author":[{"embeddable":true,"href":"https:\/\/www.europesays.com\/se\/wp-json\/wp\/v2\/users\/2"}],"replies":[{"embeddable":true,"href":"https:\/\/www.europesays.com\/se\/wp-json\/wp\/v2\/comments?post=86421"}],"version-history":[{"count":0,"href":"https:\/\/www.europesays.com\/se\/wp-json\/wp\/v2\/posts\/86421\/revisions"}],"wp:featuredmedia":[{"embeddable":true,"href":"https:\/\/www.europesays.com\/se\/wp-json\/wp\/v2\/media\/86422"}],"wp:attachment":[{"href":"https:\/\/www.europesays.com\/se\/wp-json\/wp\/v2\/media?parent=86421"}],"wp:term":[{"taxonomy":"category","embeddable":true,"href":"https:\/\/www.europesays.com\/se\/wp-json\/wp\/v2\/categories?post=86421"},{"taxonomy":"post_tag","embeddable":true,"href":"https:\/\/www.europesays.com\/se\/wp-json\/wp\/v2\/tags?post=86421"}],"curies":[{"name":"wp","href":"https:\/\/api.w.org\/{rel}","templated":true}]}}