{"id":86423,"date":"2025-11-21T13:21:09","date_gmt":"2025-11-21T13:21:09","guid":{"rendered":"https:\/\/www.europesays.com\/se\/86423\/"},"modified":"2025-11-21T13:21:09","modified_gmt":"2025-11-21T13:21:09","slug":"p4-journalist-hotades-med-tortyr-man-doms-till-fangelse","status":"publish","type":"post","link":"https:\/\/www.europesays.com\/se\/86423\/","title":{"rendered":"P4-journalist hotades med tortyr \u2013 man d\u00f6ms till f\u00e4ngelse"},"content":{"rendered":"<p>Journalisten bevakade i v\u00e5ras en r\u00e4tteg\u00e5ng om v\u00e5ldsv\u00e5gen i Kalmar. Efter att artikeln publicerats fick reportern ett meddelande p\u00e5 Instagram som f\u00f6ljdes av tre emojis f\u00f6rest\u00e4llande vapen.<\/p>\n<p>\u201dT\u00e4nk efter vad du skriver. Jag kommer hitta dig, tortera dig. Ska br\u00e4nna upp dig levandes.\u201d<\/p>\n<p>Nu d\u00f6ms mannen till f\u00e4ngelse f\u00f6r en rad brott mot olika personer. <\/p>\n<p>Han d\u00f6ms bland annat f\u00f6r misshandel mot en man i 60-\u00e5rs\u00e5ldern, narkotikabrott och olaga hot mot journalisten.<\/p>\n","protected":false},"excerpt":{"rendered":"Journalisten bevakade i v\u00e5ras en r\u00e4tteg\u00e5ng om v\u00e5ldsv\u00e5gen i Kalmar. Efter att artikeln publicerats fick reportern ett meddelande&hellip;\n","protected":false},"author":2,"featured_media":86424,"comment_status":"","ping_status":"","sticky":false,"template":"","format":"standard","meta":{"footnotes":""},"categories":[5],"tags":[22,23,26,27,17,21,24,25,28,29,15,16,18,34,31,33,32,30,19,20],"class_list":{"0":"post-86423","1":"post","2":"type-post","3":"status-publish","4":"format-standard","5":"has-post-thumbnail","7":"category-rubriker","8":"tag-breaking-news","9":"tag-breakingnews","10":"tag-featured-news","11":"tag-featurednews","12":"tag-headlines","13":"tag-huvudnyheter","14":"tag-latest-news","15":"tag-latestnews","16":"tag-main-news","17":"tag-mainnews","18":"tag-news","19":"tag-nyheter","20":"tag-rubriker","21":"tag-se","22":"tag-svenska","23":"tag-sverige","24":"tag-sweden","25":"tag-swedish","26":"tag-top-stories","27":"tag-topstories"},"share_on_mastodon":{"url":"https:\/\/pubeurope.com\/@se\/115587899940948657","error":""},"_links":{"self":[{"href":"https:\/\/www.europesays.com\/se\/wp-json\/wp\/v2\/posts\/86423","targetHints":{"allow":["GET"]}}],"collection":[{"href":"https:\/\/www.europesays.com\/se\/wp-json\/wp\/v2\/posts"}],"about":[{"href":"https:\/\/www.europesays.com\/se\/wp-json\/wp\/v2\/types\/post"}],"author":[{"embeddable":true,"href":"https:\/\/www.europesays.com\/se\/wp-json\/wp\/v2\/users\/2"}],"replies":[{"embeddable":true,"href":"https:\/\/www.europesays.com\/se\/wp-json\/wp\/v2\/comments?post=86423"}],"version-history":[{"count":0,"href":"https:\/\/www.europesays.com\/se\/wp-json\/wp\/v2\/posts\/86423\/revisions"}],"wp:featuredmedia":[{"embeddable":true,"href":"https:\/\/www.europesays.com\/se\/wp-json\/wp\/v2\/media\/86424"}],"wp:attachment":[{"href":"https:\/\/www.europesays.com\/se\/wp-json\/wp\/v2\/media?parent=86423"}],"wp:term":[{"taxonomy":"category","embeddable":true,"href":"https:\/\/www.europesays.com\/se\/wp-json\/wp\/v2\/categories?post=86423"},{"taxonomy":"post_tag","embeddable":true,"href":"https:\/\/www.europesays.com\/se\/wp-json\/wp\/v2\/tags?post=86423"}],"curies":[{"name":"wp","href":"https:\/\/api.w.org\/{rel}","templated":true}]}}