{"id":86429,"date":"2025-11-21T13:29:18","date_gmt":"2025-11-21T13:29:18","guid":{"rendered":"https:\/\/www.europesays.com\/se\/86429\/"},"modified":"2025-11-21T13:29:18","modified_gmt":"2025-11-21T13:29:18","slug":"sveriges-playoffmatch-mot-ukraina-kan-spelas-i-sverige","status":"publish","type":"post","link":"https:\/\/www.europesays.com\/se\/86429\/","title":{"rendered":"Sveriges playoffmatch mot Ukraina kan spelas \u2013 i Sverige"},"content":{"rendered":"<p>Publicerad 21 nov 2025 kl 11.55Uppdaterad kl 14.12<\/p>\n<p>Sverige m\u00f6ter Ukraina i playoff till VM.\u00a0<\/p>\n<p>Ukraina har hemmaplansf\u00f6rdel, men nu kan en udda l\u00f6sning vara p\u00e5 g\u00e5ng.\u00a0<\/p>\n<p>Matchen kan n\u00e4mligen spelas i Sverige, <a href=\"https:\/\/www.gp.se\/sport\/fotboll\/ukrainas-hemmamatch-kan-spelas-i-sverige.575f82e2-85cb-4cac-beae-afcecff57ece\" rel=\"nofollow noopener\" target=\"_blank\">n\u00e5got GP<\/a> var f\u00f6rst att skriva om.<\/p>\n<p><img   alt=\"\"\/> <\/p>\n<p>Foto: JOEL MARKLUND \/ BILDBYR\u00c5N<\/p>\n<p>\u00d6ppna bild i helsk\u00e4rm<img loading=\"lazy\"   alt=\"\"\/> <\/p>\n<p>Foto: JOEL MARKLUND \/ BILDBYR\u00c5N<\/p>\n<p>\u00d6ppna bild i helsk\u00e4rm<\/p>\n<p>Med anledning av Rysslands fullskaliga invasion av landet har Ukraina tvingats spela sina hemmamatcher i andra l\u00e4nder. Under VM-kvalet har man spelat i flera olika polska st\u00e4der. Sverige m\u00f6ter som bekant Ukraina i en playoff-match f\u00f6r en eventuell VM-plats.\u00a0<\/p>\n<p>N\u00e4r lottningen var klar under fredagen var spelort fortfarande oklar, men att den ska avg\u00f6ras p\u00e5 neutral plan. Nu \u00f6ppnar Svenska fotbollf\u00f6rbundet f\u00f6r att matchen skulle kunna spelas i Sverige.\u00a0<\/p>\n<p>\u2013 Ukraina \u00e4ger fr\u00e5gan. Det \u00e4r upp till dem att besluta om var deras hemmamatch ska spelas, s\u00e4ger landslagschef Stefan Pettersson till Expressen.<\/p>\n<p><strong>Men ni har erbjudit er?<\/strong><\/p>\n<p>\u2013 De vet om att de kan spela en neutral match i flera l\u00e4nder.<\/p>\n<p><strong>Har ni haft kontakt med dem om saken?<\/strong><\/p>\n<p>\u2013 Jag var p\u00e5 lottningen och pratade med Ukraina, Polen och Albanien. Det var inga djupa diskussioner, men de kommer att \u00e5terkomma. De vet om att det g\u00e5r att spela i Sverige.<\/p>\n<p><strong>Hur skulle det fungera med biljettint\u00e4kter och s\u00e5 vidare?<\/strong><\/p>\n<p>\u2013 Det t\u00e4nker jag inte g\u00e5 in p\u00e5 eftersom det bara \u00e4r spekulationer. N\u00e4r det finns n\u00e5got besked om var Ukraina vill spela sin match, d\u00e5 kan vi b\u00f6rja prata om s\u00e5dana h\u00e4r saker.<\/p>\n<p>Vitali Pletsan, presschef p\u00e5 ukrainska fotbollsf\u00f6rbundet, st\u00e4ller sig dock tveksam till f\u00f6rslaget att spela i Sverige.\u00a0<\/p>\n<p>\u2013 Det \u00e4r inget jag har h\u00f6rt talas om. Det \u00e4r nog ett orealistiskt alternativ. Det blir verkligen ingen hemmaplan f\u00f6r oss, s\u00e4ger Pletsan till <a href=\"https:\/\/www.aftonbladet.se\/sportbladet\/fotboll\/a\/0pjBAM\/sveriges-playoff-match-mot-ukraina-kan-byta-spelplats-fotbolls-vm\" rel=\"nofollow noopener\" target=\"_blank\">Aftonbladet. <\/a>\u00a0<\/p>\n<p><strong>L\u00c4S MER: <\/strong><a href=\"https:\/\/www.expressen.se\/sport\/fotboll\/landslaget\/sverige-moter-ukraina-i-vm-playoff\/\" class=\"\" rel=\"nofollow noopener\" target=\"_blank\">Sverige m\u00f6ter Ukraina i VM-playoff<\/a><strong>L\u00c4S MER: <\/strong><a href=\"https:\/\/www.expressen.se\/sport\/fotboll\/landslaget\/martin-dahlin-ordnade-en-svensk-dromlottning\/\" class=\"\" rel=\"nofollow noopener\" target=\"_blank\">Martin Dahlin ordnade en svensk dr\u00f6mlottning<\/a><strong>L\u00c4S MER: <\/strong><a href=\"https:\/\/www.expressen.se\/sport\/fotboll\/landslaget\/sverige-i-vm-playoff-det-blir-nyckeln-for-graham-potter\/\" class=\"premium-link\" rel=\"nofollow noopener\" target=\"_blank\">Premium Sverige i VM-playoff: Det blir nyckeln f\u00f6r Graham Potter<\/a><\/p>\n","protected":false},"excerpt":{"rendered":"Publicerad 21 nov 2025 kl 11.55Uppdaterad kl 14.12 Sverige m\u00f6ter Ukraina i playoff till VM.\u00a0 Ukraina har hemmaplansf\u00f6rdel,&hellip;\n","protected":false},"author":2,"featured_media":86430,"comment_status":"","ping_status":"","sticky":false,"template":"","format":"standard","meta":{"footnotes":""},"categories":[5],"tags":[22,23,26,27,17,21,24,25,28,29,15,16,18,34,129,146,31,33,32,30,19,20],"class_list":{"0":"post-86429","1":"post","2":"type-post","3":"status-publish","4":"format-standard","5":"has-post-thumbnail","7":"category-rubriker","8":"tag-breaking-news","9":"tag-breakingnews","10":"tag-featured-news","11":"tag-featurednews","12":"tag-headlines","13":"tag-huvudnyheter","14":"tag-latest-news","15":"tag-latestnews","16":"tag-main-news","17":"tag-mainnews","18":"tag-news","19":"tag-nyheter","20":"tag-rubriker","21":"tag-se","22":"tag-sections-fotboll","23":"tag-sections-landslaget","24":"tag-svenska","25":"tag-sverige","26":"tag-sweden","27":"tag-swedish","28":"tag-top-stories","29":"tag-topstories"},"share_on_mastodon":{"url":"https:\/\/pubeurope.com\/@se\/115587931459582231","error":""},"_links":{"self":[{"href":"https:\/\/www.europesays.com\/se\/wp-json\/wp\/v2\/posts\/86429","targetHints":{"allow":["GET"]}}],"collection":[{"href":"https:\/\/www.europesays.com\/se\/wp-json\/wp\/v2\/posts"}],"about":[{"href":"https:\/\/www.europesays.com\/se\/wp-json\/wp\/v2\/types\/post"}],"author":[{"embeddable":true,"href":"https:\/\/www.europesays.com\/se\/wp-json\/wp\/v2\/users\/2"}],"replies":[{"embeddable":true,"href":"https:\/\/www.europesays.com\/se\/wp-json\/wp\/v2\/comments?post=86429"}],"version-history":[{"count":0,"href":"https:\/\/www.europesays.com\/se\/wp-json\/wp\/v2\/posts\/86429\/revisions"}],"wp:featuredmedia":[{"embeddable":true,"href":"https:\/\/www.europesays.com\/se\/wp-json\/wp\/v2\/media\/86430"}],"wp:attachment":[{"href":"https:\/\/www.europesays.com\/se\/wp-json\/wp\/v2\/media?parent=86429"}],"wp:term":[{"taxonomy":"category","embeddable":true,"href":"https:\/\/www.europesays.com\/se\/wp-json\/wp\/v2\/categories?post=86429"},{"taxonomy":"post_tag","embeddable":true,"href":"https:\/\/www.europesays.com\/se\/wp-json\/wp\/v2\/tags?post=86429"}],"curies":[{"name":"wp","href":"https:\/\/api.w.org\/{rel}","templated":true}]}}