{"id":86431,"date":"2025-11-21T13:31:11","date_gmt":"2025-11-21T13:31:11","guid":{"rendered":"https:\/\/www.europesays.com\/se\/86431\/"},"modified":"2025-11-21T13:31:11","modified_gmt":"2025-11-21T13:31:11","slug":"tung-small-for-rogle-kaptenen-skadad","status":"publish","type":"post","link":"https:\/\/www.europesays.com\/se\/86431\/","title":{"rendered":"Tung sm\u00e4ll f\u00f6r R\u00f6gle \u2013 kaptenen skadad"},"content":{"rendered":"<p><strong>Anton Bengtsson tvingades kliva av f\u00f6rlustmatchen mot Skellefte\u00e5 i g\u00e5r.<br \/>Nu blir lagkaptenen borta fram till landslagsuppeh\u00e5llet i december.<br \/>\u2013 Nu f\u00e5r n\u00e5gon annan ta \u00f6ver den taktpinnen och steppa upp d\u00e4r, s\u00e4ger tr\u00e4naren Dan Tangnes till <a href=\"https:\/\/www.hd.se\/sport\/skadesmall-for-rogle-kaptenen-kan-bli-borta-lange\/\" rel=\"nofollow noopener\" target=\"_blank\">Helsingborgs Dagblad<\/a>.<\/strong><\/p>\n<p><img loading=\"lazy\" decoding=\"async\" width=\"1024\" height=\"658\" src=\"https:\/\/www.europesays.com\/se\/wp-content\/uploads\/2025\/11\/251120NO076-1024x658.webp.webp\" alt=\"\" class=\"wp-image-328102\"  \/>Anton Bengtsson l\u00e4mnade toppmatchen mot Skellefte\u00e5 i sm\u00e4rtor.<br \/><strong>Foto:<\/strong> Niclas J\u00f6nsson\/Bildbyr\u00e5n<\/p>\n<p>Som om inte <a href=\"https:\/\/hockeysverige.se\/spelare\/jonathan-pudas\/\" rel=\"nofollow noopener\" target=\"_blank\">Jonathan Pudas<\/a> sena avg\u00f6rande sved tillr\u00e4ckligt f\u00f6r <a href=\"https:\/\/hockeysverige.se\/klubb\/rogle-bk\/\" rel=\"nofollow noopener\" target=\"_blank\">R\u00f6gle<\/a> ser tabelltrean nu ut att tvingas klara sig utan en av lagets viktigaste spelare den n\u00e4rmaste tiden.<\/p>\n<p>Efter att ha t\u00e4ckt ett skott i den tredje perioden tvingades <a href=\"https:\/\/hockeysverige.se\/spelare\/anton-bengtsson\/\" rel=\"nofollow noopener\" target=\"_blank\">Anton Bengtsson<\/a> utg\u00e5 fr\u00e5n 2\u20133-f\u00f6rlusten. <\/p>\n<p>Nu <a href=\"https:\/\/www.instagram.com\/p\/DRUKVkmjJKn\/\" rel=\"nofollow noopener\" target=\"_blank\">meddelar klubben<\/a> via Instagram att Bengtsson missar samtliga matcher fram till landslagsuppeh\u00e5llet i december, vilket i R\u00f6gles fall \u00e4r fem matcher.<\/p>\n<p>\u201dMotorn i mycket av det \u00e4rliga spelet\u201d<\/p>\n<p>Bengtsson har den h\u00e4r s\u00e4songen producerat fem po\u00e4ng p\u00e5 20 matcher f\u00f6r R\u00f6gle och fanns tidigare i november med i <a href=\"https:\/\/hockeysverige.se\/landslag\/sverige\/\" rel=\"nofollow noopener\" target=\"_blank\">Tre Kronors<\/a> trupp till Finland Hockey Games. <\/p>\n<p>Den 32-\u00e5rige lagkaptenen snittar strax \u00f6ver 15 minuters istid per match och \u00e4r den R\u00f6gle-forward med mest istid i numer\u00e4rt underl\u00e4ge, d\u00e4r han loggar strax under tv\u00e5 minuter per match.<\/p>\n<p>\u2013 Han leder med exempel hela tiden, tyv\u00e4rr \u00e4r det d\u00e4rf\u00f6r han \u00e4r skadad just nu. Han g\u00f6r allt i sin makt f\u00f6r att vi ska vinna hockeymatcher och skadade sig n\u00e4r han offrade sig f\u00f6r sina lagkamrater. Han \u00e4r motorn i mycket av det \u00e4rliga spelet. Nu f\u00e5r n\u00e5gon annan ta \u00f6ver den taktpinnen och steppa upp d\u00e4r, s\u00e4ger Tangnes till <a href=\"https:\/\/www.hd.se\/sport\/skadesmall-for-rogle-kaptenen-kan-bli-borta-lange\/\" rel=\"nofollow noopener\" target=\"_blank\">Helsingborgs Dagblad<\/a>.<\/p>\n<p>Bristedt och de Haan fr\u00e5getecken inf\u00f6r morgondagens match<\/p>\n<p>Vidare \u00e4r Leon Bristedt ett fr\u00e5getecken inf\u00f6r morgondagens m\u00f6te med Bryn\u00e4s, d\u00e5 han inte tr\u00e4nade under fredagsf\u00f6rmiddagen. \u00c4ven Calvin de Haan, som missade g\u00e5rdagens match mot Skellefte\u00e5, \u00e4r ett fr\u00e5getecken. <\/p>\n<p>Backen kunde emellertid tr\u00e4na f\u00f6r fullt under fredagen.<\/p>\n<p>\u2013 Vi f\u00e5r diskutera kring Calvin. Vi har lite l\u00f6sa bollar uppe i luften, men har sagt att vi inte ska h\u00e5lla p\u00e5 och testa in i sista minuten. Det \u00e4r viktigt f\u00f6r oss att vinna i morgon, men samtidigt \u00e4r det viktigt att ha en l\u00e5ngsiktig plan f\u00f6r belastningen av spelarna, s\u00e4ger Tangnes.<\/p>\n<p>R\u00f6gle har sedan tidigare Josh Dickinson och Linus Sj\u00f6din p\u00e5 sin skadelista.<\/p>\n<p><script async src=\"\/\/www.instagram.com\/embed.js\"><\/script><\/p>\n","protected":false},"excerpt":{"rendered":"Anton Bengtsson tvingades kliva av f\u00f6rlustmatchen mot Skellefte\u00e5 i g\u00e5r.Nu blir lagkaptenen borta fram till landslagsuppeh\u00e5llet i december.\u2013&hellip;\n","protected":false},"author":2,"featured_media":86432,"comment_status":"","ping_status":"","sticky":false,"template":"","format":"standard","meta":{"footnotes":""},"categories":[68],"tags":[34,133,134,111,110,31,33,32,30],"class_list":{"0":"post-86431","1":"post","2":"type-post","3":"status-publish","4":"format-standard","5":"has-post-thumbnail","7":"category-sport","8":"tag-se","9":"tag-second-news","10":"tag-shl","11":"tag-sport","12":"tag-sports","13":"tag-svenska","14":"tag-sverige","15":"tag-sweden","16":"tag-swedish"},"share_on_mastodon":{"url":"https:\/\/pubeurope.com\/@se\/115587939587151800","error":""},"_links":{"self":[{"href":"https:\/\/www.europesays.com\/se\/wp-json\/wp\/v2\/posts\/86431","targetHints":{"allow":["GET"]}}],"collection":[{"href":"https:\/\/www.europesays.com\/se\/wp-json\/wp\/v2\/posts"}],"about":[{"href":"https:\/\/www.europesays.com\/se\/wp-json\/wp\/v2\/types\/post"}],"author":[{"embeddable":true,"href":"https:\/\/www.europesays.com\/se\/wp-json\/wp\/v2\/users\/2"}],"replies":[{"embeddable":true,"href":"https:\/\/www.europesays.com\/se\/wp-json\/wp\/v2\/comments?post=86431"}],"version-history":[{"count":0,"href":"https:\/\/www.europesays.com\/se\/wp-json\/wp\/v2\/posts\/86431\/revisions"}],"wp:featuredmedia":[{"embeddable":true,"href":"https:\/\/www.europesays.com\/se\/wp-json\/wp\/v2\/media\/86432"}],"wp:attachment":[{"href":"https:\/\/www.europesays.com\/se\/wp-json\/wp\/v2\/media?parent=86431"}],"wp:term":[{"taxonomy":"category","embeddable":true,"href":"https:\/\/www.europesays.com\/se\/wp-json\/wp\/v2\/categories?post=86431"},{"taxonomy":"post_tag","embeddable":true,"href":"https:\/\/www.europesays.com\/se\/wp-json\/wp\/v2\/tags?post=86431"}],"curies":[{"name":"wp","href":"https:\/\/api.w.org\/{rel}","templated":true}]}}