{"id":86433,"date":"2025-11-21T13:32:13","date_gmt":"2025-11-21T13:32:13","guid":{"rendered":"https:\/\/www.europesays.com\/se\/86433\/"},"modified":"2025-11-21T13:32:13","modified_gmt":"2025-11-21T13:32:13","slug":"kevin-spacey-ar-hemlos-vantar-pa-samtal-fran-tarantino-och-scorsese","status":"publish","type":"post","link":"https:\/\/www.europesays.com\/se\/86433\/","title":{"rendered":"Kevin Spacey \u00e4r heml\u00f6s &#8211; v\u00e4ntar p\u00e5 samtal fr\u00e5n Tarantino och Scorsese"},"content":{"rendered":"<p><strong>Kevin Spacey <\/strong>m\u00e5 ha klarat sig undan f\u00e4ngelse n\u00e4r han 2017 anklagades f\u00f6r sexuella \u00f6vergrepp, men det har inte varit l\u00e4tt f\u00f6r mannen som en g\u00e5ng var ett av Hollywoods toppnamn att \u00e5terta sin karri\u00e4r.<\/p>\n<p>Ett <a href=\"https:\/\/www.moviezine.se\/nyheter\/kevin-spacey-gor-thriller-med-peter-stormare\" rel=\"nofollow noopener\" target=\"_blank\">par sm\u00e5jobb h\u00e4r och d\u00e4r<\/a> och n\u00e5gra <a href=\"https:\/\/www.moviezine.se\/nyheter\/kevin-spacey-gor-sig-redo-for-comeback-jag-forlater-alla-som-domde-mig\" rel=\"nofollow noopener\" target=\"_blank\">italienska filmer med Franco Nero<\/a> har det blivit sporadiskt.<\/p>\n<p><strong>BLACK WEEKS: <a href=\"https:\/\/adtr.co\/zdvea1\" target=\"_blank\" rel=\"noreferrer noopener nofollow\">\u00c5rets st\u00f6rsta rea \u00e4r ig\u00e5ng hos Comviq.se<\/a><\/strong><\/p>\n<p>I en intervju med <a href=\"https:\/\/www.telegraph.co.uk\/news\/2025\/11\/19\/kevin-spacey-interview-cancelled\/?ICID=continue_without_subscribing_reg_first\" rel=\"nofollow noopener\" target=\"_blank\">The Telegraph<\/a> ber\u00e4ttar Spacey om sin nuvarande levnadssituation:<\/p>\n<p>\u2013 Man kan s\u00e4ga att jag \u00e4r heml\u00f6s. Jag flyttar fr\u00e5n hotellrum till hotellrum och har levt s\u00e5 under de senaste sju \u00e5ren. Det blir h\u00f6ga kostnader p\u00e5 en smal inkomst, f\u00f6rklarar han.<\/p>\n<p>\u2013 Jag har kontakt med m\u00e5nga h\u00f6gt uppsatta personer som vill att jag ska f\u00e5 arbeta igen. Men det k\u00e4nns som att man v\u00e4ntar p\u00e5 till\u00e5telse fr\u00e5n n\u00e5gra riktigt m\u00e4ktiga namn. Till exempel om Tarantino eller Scorsese skulle ringa min manager Evan Lowenstein, d\u00e5 skulle allt det h\u00e4r vara \u00f6ver. Det vore en \u00e4ra att f\u00e5 ett s\u00e5dant samtal. <\/p>\n<p>Hur det blir med en Hollywood-\u00e5terkomst f\u00f6r Kevin Spacey \u00e4r \u00e4n s\u00e5 l\u00e4nge oklart. F\u00f6rra \u00e5ret talade flera stora namn med <a href=\"https:\/\/www.telegraph.co.uk\/news\/2024\/05\/15\/kevin-spacey-return-to-acting-sharon-stone-liam-neeson\/\" rel=\"nofollow noopener\" target=\"_blank\">The Telegraph<\/a>, d\u00e4r man f\u00f6respr\u00e5kade hans \u00e5terkomst till Hollywood. D\u00e4ribland Liam Neeson, som menade att \u201dHollywood beh\u00f6ver Kevin\u201d.<\/p>\n<p>L\u00e4s ocks\u00e5: <a href=\"https:\/\/www.moviezine.se\/nyheter\/22-nya-filmer-har-precis-slappts-pa-svt-play-missa-inte-tidernas-basta-julfilm\" title=\"22 nya filmer har precis sl\u00e4ppts p\u00e5 SVT Play \u2013 missa inte \u201dtidernas b\u00e4sta julfilm\u201d\" class=\"underline-custom !font-montserrat !font-bold !underline-offset-4 !decoration-4 !decoration-moviezine-green !text-md\" rel=\"nofollow noopener\" target=\"_blank\">22 nya filmer har precis sl\u00e4ppts p\u00e5 SVT Play \u2013 missa inte \u201dtidernas b\u00e4sta julfilm\u201d<\/a><\/p>\n<p>L\u00e4s ocks\u00e5: <a href=\"https:\/\/www.moviezine.se\/nyheter\/nu-pa-viaplay-norskt-aventyrsdrama-ar-ett-guldkorn-fran-2019-visuellt-storslagen\" title=\"Nu p\u00e5 Viaplay: Norskt \u00e4ventyrsdrama \u00e4r ett guldkorn fr\u00e5n 2019 \u2013 \u201dvisuellt storslagen\u201d\" class=\"underline-custom !font-montserrat !font-bold !underline-offset-4 !decoration-4 !decoration-moviezine-green !text-md\" rel=\"nofollow noopener\" target=\"_blank\">Nu p\u00e5 Viaplay: Norskt \u00e4ventyrsdrama \u00e4r ett guldkorn fr\u00e5n 2019 \u2013 \u201dvisuellt storslagen\u201d<\/a><\/p>\n<p>Dela<\/p>\n","protected":false},"excerpt":{"rendered":"Kevin Spacey m\u00e5 ha klarat sig undan f\u00e4ngelse n\u00e4r han 2017 anklagades f\u00f6r sexuella \u00f6vergrepp, men det har&hellip;\n","protected":false},"author":2,"featured_media":86434,"comment_status":"","ping_status":"","sticky":false,"template":"","format":"standard","meta":{"footnotes":""},"categories":[67],"tags":[104,2394,34,31,33,32,30,105],"class_list":{"0":"post-86433","1":"post","2":"type-post","3":"status-publish","4":"format-standard","5":"has-post-thumbnail","7":"category-underhallning","8":"tag-entertainment","9":"tag-kandisar","10":"tag-se","11":"tag-svenska","12":"tag-sverige","13":"tag-sweden","14":"tag-swedish","15":"tag-underhallning"},"share_on_mastodon":{"url":"https:\/\/pubeurope.com\/@se\/115587943180971392","error":""},"_links":{"self":[{"href":"https:\/\/www.europesays.com\/se\/wp-json\/wp\/v2\/posts\/86433","targetHints":{"allow":["GET"]}}],"collection":[{"href":"https:\/\/www.europesays.com\/se\/wp-json\/wp\/v2\/posts"}],"about":[{"href":"https:\/\/www.europesays.com\/se\/wp-json\/wp\/v2\/types\/post"}],"author":[{"embeddable":true,"href":"https:\/\/www.europesays.com\/se\/wp-json\/wp\/v2\/users\/2"}],"replies":[{"embeddable":true,"href":"https:\/\/www.europesays.com\/se\/wp-json\/wp\/v2\/comments?post=86433"}],"version-history":[{"count":0,"href":"https:\/\/www.europesays.com\/se\/wp-json\/wp\/v2\/posts\/86433\/revisions"}],"wp:featuredmedia":[{"embeddable":true,"href":"https:\/\/www.europesays.com\/se\/wp-json\/wp\/v2\/media\/86434"}],"wp:attachment":[{"href":"https:\/\/www.europesays.com\/se\/wp-json\/wp\/v2\/media?parent=86433"}],"wp:term":[{"taxonomy":"category","embeddable":true,"href":"https:\/\/www.europesays.com\/se\/wp-json\/wp\/v2\/categories?post=86433"},{"taxonomy":"post_tag","embeddable":true,"href":"https:\/\/www.europesays.com\/se\/wp-json\/wp\/v2\/tags?post=86433"}],"curies":[{"name":"wp","href":"https:\/\/api.w.org\/{rel}","templated":true}]}}