{"id":86446,"date":"2025-11-21T13:53:10","date_gmt":"2025-11-21T13:53:10","guid":{"rendered":"https:\/\/www.europesays.com\/se\/86446\/"},"modified":"2025-11-21T13:53:10","modified_gmt":"2025-11-21T13:53:10","slug":"europeiska-forsvarsaktier-sjunker-efter-uttalande-av-zelenskyj","status":"publish","type":"post","link":"https:\/\/www.europesays.com\/se\/86446\/","title":{"rendered":"Europeiska f\u00f6rsvarsaktier sjunker efter uttalande av Zelenskyj"},"content":{"rendered":"<p class=\"font-sans text-base text-text-main dark:text-text-main-dark font-normal leading-[1.4]\">F\u00f6rsvarsaktier runt om i v\u00e4rlden har de senaste \u00e5ren handlats upp kraftigt som en effekt av kriget i Ukraina.<\/p>\n<p>I Sverige syns det i att Saab sjunker runt 2,3 procent. Nedg\u00e5ngen i Mildef \u00e4r st\u00f6rre om 4,4 procent.<\/p>\n<p>De tyska f\u00f6rsvarsj\u00e4ttarna Renk och Rheinmetall sjunker 5,9 respektive 3,9 procent. TKMS backar 3 procent.<\/p>\n<p>Italienska Leonardo backar 3,2 procent. I brittiska BAE Systems syns en n\u00e5got mildare nedg\u00e5ng om runt 1,2 procent.<br class=\"col-start-2\"\/><\/p>\n","protected":false},"excerpt":{"rendered":"F\u00f6rsvarsaktier runt om i v\u00e4rlden har de senaste \u00e5ren handlats upp kraftigt som en effekt av kriget i&hellip;\n","protected":false},"author":2,"featured_media":86447,"comment_status":"","ping_status":"","sticky":false,"template":"","format":"standard","meta":{"footnotes":""},"categories":[5],"tags":[8465,22,23,26,27,17,21,24,25,6918,28,29,15,16,9267,4676,18,2200,34,31,33,32,30,9268,19,20],"class_list":{"0":"post-86446","1":"post","2":"type-post","3":"status-publish","4":"format-standard","5":"has-post-thumbnail","7":"category-rubriker","8":"tag-bae-systems-plc","9":"tag-breaking-news","10":"tag-breakingnews","11":"tag-featured-news","12":"tag-featurednews","13":"tag-headlines","14":"tag-huvudnyheter","15":"tag-latest-news","16":"tag-latestnews","17":"tag-leonardo-s-p-a","18":"tag-main-news","19":"tag-mainnews","20":"tag-news","21":"tag-nyheter","22":"tag-renk-group-ag","23":"tag-rheinmetall","24":"tag-rubriker","25":"tag-saab","26":"tag-se","27":"tag-svenska","28":"tag-sverige","29":"tag-sweden","30":"tag-swedish","31":"tag-tkms-gmbh","32":"tag-top-stories","33":"tag-topstories"},"share_on_mastodon":{"url":"https:\/\/pubeurope.com\/@se\/115588025764905164","error":""},"_links":{"self":[{"href":"https:\/\/www.europesays.com\/se\/wp-json\/wp\/v2\/posts\/86446","targetHints":{"allow":["GET"]}}],"collection":[{"href":"https:\/\/www.europesays.com\/se\/wp-json\/wp\/v2\/posts"}],"about":[{"href":"https:\/\/www.europesays.com\/se\/wp-json\/wp\/v2\/types\/post"}],"author":[{"embeddable":true,"href":"https:\/\/www.europesays.com\/se\/wp-json\/wp\/v2\/users\/2"}],"replies":[{"embeddable":true,"href":"https:\/\/www.europesays.com\/se\/wp-json\/wp\/v2\/comments?post=86446"}],"version-history":[{"count":0,"href":"https:\/\/www.europesays.com\/se\/wp-json\/wp\/v2\/posts\/86446\/revisions"}],"wp:featuredmedia":[{"embeddable":true,"href":"https:\/\/www.europesays.com\/se\/wp-json\/wp\/v2\/media\/86447"}],"wp:attachment":[{"href":"https:\/\/www.europesays.com\/se\/wp-json\/wp\/v2\/media?parent=86446"}],"wp:term":[{"taxonomy":"category","embeddable":true,"href":"https:\/\/www.europesays.com\/se\/wp-json\/wp\/v2\/categories?post=86446"},{"taxonomy":"post_tag","embeddable":true,"href":"https:\/\/www.europesays.com\/se\/wp-json\/wp\/v2\/tags?post=86446"}],"curies":[{"name":"wp","href":"https:\/\/api.w.org\/{rel}","templated":true}]}}