{"id":86448,"date":"2025-11-21T13:55:14","date_gmt":"2025-11-21T13:55:14","guid":{"rendered":"https:\/\/www.europesays.com\/se\/86448\/"},"modified":"2025-11-21T13:55:14","modified_gmt":"2025-11-21T13:55:14","slug":"bjorklovens-nya-kross-rycker-i-toppen-hockeyallsvenskan","status":"publish","type":"post","link":"https:\/\/www.europesays.com\/se\/86448\/","title":{"rendered":"Bj\u00f6rkl\u00f6vens nya kross \u2013 rycker i toppen | Hockeyallsvenskan"},"content":{"rendered":"<p>Publicerad 19 nov 2025 kl 21.07Uppdaterad kl 21.26<\/p>\n<p>Den serieledande m\u00e5lmaskinen \u00e5ngar p\u00e5.<\/p>\n<p>Bj\u00f6rkl\u00f6ven har tagit en ny seger i hockeyallsvenskan.<\/p>\n<p><img   alt=\"\"\/> <\/p>\n<p>Foto: DANIEL ERIKSSON \/ BILDBYR\u00c5N<\/p>\n<p>\u00d6ppna bild i helsk\u00e4rm<\/p>\n<p><a href=\"https:\/\/www.expressen.se\/tagg\/organization\/bjorkloven\/\" class=\"\" rel=\"nofollow noopener\" target=\"_blank\">Bj\u00f6rkl\u00f6ven<\/a> drygar ut avst\u00e5ndet i toppen.<\/p>\n<p>Samtidigt som n\u00e4rmast jagande Modo f\u00f6rlorade mot Bik Karlskoga \u2013 st\u00e4dades Almtuna av med 5\u20131 p\u00e5 bortais.\u00a0<\/p>\n<p>Hela fem olika m\u00e5lskyttar skrev in sig i m\u00e5lprotokollet f\u00f6r Bj\u00f6rkl\u00f6ven.\u00a0<\/p>\n<p>Albin Lundin, Fredrik Forsberg, Gustav Possler, Axel Ottosson och Jacob Olofsson satte alla var sin puck bakom Herman Liv i Almtunas m\u00e5l.<\/p>\n<p>Nu har Bj\u00f6rkl\u00f6ven gjort hela 21 m\u00e5l p\u00e5 de tre senaste matcherna. P\u00e5 de inledande 18 omg\u00e5ngarna har man gjort 82 m\u00e5l, vilket ger ett snitt p\u00e5 hiskeliga 4,6 m\u00e5l per match.<\/p>\n","protected":false},"excerpt":{"rendered":"Publicerad 19 nov 2025 kl 21.07Uppdaterad kl 21.26 Den serieledande m\u00e5lmaskinen \u00e5ngar p\u00e5. Bj\u00f6rkl\u00f6ven har tagit en ny&hellip;\n","protected":false},"author":2,"featured_media":86449,"comment_status":"","ping_status":"","sticky":false,"template":"","format":"standard","meta":{"footnotes":""},"categories":[68],"tags":[3943,640,641,34,130,255,111,110,31,33,32,30],"class_list":{"0":"post-86448","1":"post","2":"type-post","3":"status-publish","4":"format-standard","5":"has-post-thumbnail","7":"category-sport","8":"tag-organization-almtuna-is","9":"tag-organization-bjorkloven","10":"tag-organization-hockeyallsvenskan","11":"tag-se","12":"tag-sections-allsvenskan","13":"tag-sections-ishockey","14":"tag-sport","15":"tag-sports","16":"tag-svenska","17":"tag-sverige","18":"tag-sweden","19":"tag-swedish"},"share_on_mastodon":{"url":"https:\/\/pubeurope.com\/@se\/115588033751113442","error":""},"_links":{"self":[{"href":"https:\/\/www.europesays.com\/se\/wp-json\/wp\/v2\/posts\/86448","targetHints":{"allow":["GET"]}}],"collection":[{"href":"https:\/\/www.europesays.com\/se\/wp-json\/wp\/v2\/posts"}],"about":[{"href":"https:\/\/www.europesays.com\/se\/wp-json\/wp\/v2\/types\/post"}],"author":[{"embeddable":true,"href":"https:\/\/www.europesays.com\/se\/wp-json\/wp\/v2\/users\/2"}],"replies":[{"embeddable":true,"href":"https:\/\/www.europesays.com\/se\/wp-json\/wp\/v2\/comments?post=86448"}],"version-history":[{"count":0,"href":"https:\/\/www.europesays.com\/se\/wp-json\/wp\/v2\/posts\/86448\/revisions"}],"wp:featuredmedia":[{"embeddable":true,"href":"https:\/\/www.europesays.com\/se\/wp-json\/wp\/v2\/media\/86449"}],"wp:attachment":[{"href":"https:\/\/www.europesays.com\/se\/wp-json\/wp\/v2\/media?parent=86448"}],"wp:term":[{"taxonomy":"category","embeddable":true,"href":"https:\/\/www.europesays.com\/se\/wp-json\/wp\/v2\/categories?post=86448"},{"taxonomy":"post_tag","embeddable":true,"href":"https:\/\/www.europesays.com\/se\/wp-json\/wp\/v2\/tags?post=86448"}],"curies":[{"name":"wp","href":"https:\/\/api.w.org\/{rel}","templated":true}]}}