{"id":86475,"date":"2025-11-21T14:34:09","date_gmt":"2025-11-21T14:34:09","guid":{"rendered":"https:\/\/www.europesays.com\/se\/86475\/"},"modified":"2025-11-21T14:34:09","modified_gmt":"2025-11-21T14:34:09","slug":"samarbetspartnern-om-kaoset-i-intellego-utvarderar-di","status":"publish","type":"post","link":"https:\/\/www.europesays.com\/se\/86475\/","title":{"rendered":"Samarbetspartnern om kaoset i Intellego: \u201dUtv\u00e4rderar\u201d &#8211; DI"},"content":{"rendered":"<ol>\n<li><a href=\"https:\/\/news.google.com\/rss\/articles\/CBMigwFBVV95cUxQODhuZTRuaVhfbkx5NHlmT3N1dFBRdVdSOHFQZHYtZzZfVEZMaVdSX1ZPZW01b3ZGLW90UWFMenRwTHlzS0l4WjB6blBWOGlVUlQ2MXJ1MUdBLVdWbjlGYk95QUs0RkxhVTYwSEhuOUdtQlVXbFFfdkZyMDlBR201N0psRQ?oc=5\" target=\"_blank\" rel=\"nofollow noopener\">Samarbetspartnern om kaoset i Intellego: \u201dUtv\u00e4rderar\u201d<\/a>&nbsp;&nbsp;DI<\/li>\n<li><a href=\"https:\/\/news.google.com\/rss\/articles\/CBMif0FVX3lxTFBPb0JBM1p5QWVlS19yUkhESkJ2RVJtZ0tkSFJQdGU1UmVNU0NNVFR4R2pjc283UEtsLUt1YmFDeVY3MHVjV0hwLS01NzM2SHhPbHRodXBzR0cwNTN5WFl4R2l2Nm1JWmc4NGZqOUV2WGdDZHhrMG02Yms4M1JFZEk?oc=5\" target=\"_blank\" rel=\"nofollow noopener\">Stockholmsb\u00f6rsen beg\u00e4r att Intellego ska avnoteras<\/a>&nbsp;&nbsp;DI<\/li>\n<li><a href=\"https:\/\/news.google.com\/rss\/articles\/CBMiiwFBVV95cUxOcXUyYWF5bnZjVTRteDF0QXlJZUozSzg5ODFUcDBJSFljNFFmY0d1VU1DcXNjR2tpci1UbkR3WmFxUncxQi1McldaMzc5SDZNZUFjWmZCSzhSdHBEQjZFRUtWM2wyLWVGbUkwbjN0eG1QQnJiUk1SZFlQRDZpQUo5SjZJcFpid0xHLWU0?oc=5\" target=\"_blank\" rel=\"nofollow noopener\">Insiderj\u00e4garnas nya drag bakom kulisserna<\/a>&nbsp;&nbsp;SvD<\/li>\n<li><a href=\"https:\/\/news.google.com\/rss\/articles\/CBMif0FVX3lxTFA5OGxSbkhzWDVJbTM4OTN5aVBFX0lwS28zVlhYaTNUTk1QTTRDeTlnMkNIWUY3QWtwMEt1bEx2ZkVnX2dPRlN5czJ5NzdnaS04ZEZrMUhCNFYzaEo2WmxfaU5sdGdZNHg4Rm15UEhXbUpzMlVmMGVBTEItV2tVOEE?oc=5\" target=\"_blank\" rel=\"nofollow noopener\">B\u00f6rsprofilerna om krisen i Intellego: \u201dKan avnoteras\u201d<\/a>&nbsp;&nbsp;EFN<\/li>\n<li><a href=\"https:\/\/news.google.com\/rss\/articles\/CBMipAFBVV95cUxQbnEzRzVoMElBZzNtbV9FWGp6UmNfaG0wX0ZfNGRHRVBmZXl2OTlIdHEtMktVVVAzWkNjU2JlVGgyY3dGY0lveXphQ2RRZkYtanNqSzd6MG9RRHZNTXlaakJ2WDc2RDdJVEVGcjljZDg5SHJKWGpTZ2t0WkMtajRFTEJrc3pPVWpaaU5fdW5aX2V5aW5IcFJMYXlGdWJ3WHJFY3JCUQ?oc=5\" target=\"_blank\" rel=\"nofollow noopener\">VD CLAES LINDAHL BEG\u00c4RS H\u00c4KTAD MED RESTRIKTIONER &#8211; DN<\/a>&nbsp;&nbsp;Placera.se<\/li>\n<\/ol>\n","protected":false},"excerpt":{"rendered":"Samarbetspartnern om kaoset i Intellego: \u201dUtv\u00e4rderar\u201d&nbsp;&nbsp;DI Stockholmsb\u00f6rsen beg\u00e4r att Intellego ska avnoteras&nbsp;&nbsp;DI Insiderj\u00e4garnas nya drag bakom kulisserna&nbsp;&nbsp;SvD B\u00f6rsprofilerna&hellip;\n","protected":false},"author":2,"featured_media":86476,"comment_status":"","ping_status":"","sticky":false,"template":"","format":"standard","meta":{"footnotes":""},"categories":[5],"tags":[22,23,26,27,17,21,24,25,28,29,15,16,18,34,31,33,32,30,19,20],"class_list":{"0":"post-86475","1":"post","2":"type-post","3":"status-publish","4":"format-standard","5":"has-post-thumbnail","7":"category-rubriker","8":"tag-breaking-news","9":"tag-breakingnews","10":"tag-featured-news","11":"tag-featurednews","12":"tag-headlines","13":"tag-huvudnyheter","14":"tag-latest-news","15":"tag-latestnews","16":"tag-main-news","17":"tag-mainnews","18":"tag-news","19":"tag-nyheter","20":"tag-rubriker","21":"tag-se","22":"tag-svenska","23":"tag-sverige","24":"tag-sweden","25":"tag-swedish","26":"tag-top-stories","27":"tag-topstories"},"share_on_mastodon":{"url":"https:\/\/pubeurope.com\/@se\/115588186999238379","error":""},"_links":{"self":[{"href":"https:\/\/www.europesays.com\/se\/wp-json\/wp\/v2\/posts\/86475","targetHints":{"allow":["GET"]}}],"collection":[{"href":"https:\/\/www.europesays.com\/se\/wp-json\/wp\/v2\/posts"}],"about":[{"href":"https:\/\/www.europesays.com\/se\/wp-json\/wp\/v2\/types\/post"}],"author":[{"embeddable":true,"href":"https:\/\/www.europesays.com\/se\/wp-json\/wp\/v2\/users\/2"}],"replies":[{"embeddable":true,"href":"https:\/\/www.europesays.com\/se\/wp-json\/wp\/v2\/comments?post=86475"}],"version-history":[{"count":0,"href":"https:\/\/www.europesays.com\/se\/wp-json\/wp\/v2\/posts\/86475\/revisions"}],"wp:featuredmedia":[{"embeddable":true,"href":"https:\/\/www.europesays.com\/se\/wp-json\/wp\/v2\/media\/86476"}],"wp:attachment":[{"href":"https:\/\/www.europesays.com\/se\/wp-json\/wp\/v2\/media?parent=86475"}],"wp:term":[{"taxonomy":"category","embeddable":true,"href":"https:\/\/www.europesays.com\/se\/wp-json\/wp\/v2\/categories?post=86475"},{"taxonomy":"post_tag","embeddable":true,"href":"https:\/\/www.europesays.com\/se\/wp-json\/wp\/v2\/tags?post=86475"}],"curies":[{"name":"wp","href":"https:\/\/api.w.org\/{rel}","templated":true}]}}