{"id":86477,"date":"2025-11-21T14:38:08","date_gmt":"2025-11-21T14:38:08","guid":{"rendered":"https:\/\/www.europesays.com\/se\/86477\/"},"modified":"2025-11-21T14:38:08","modified_gmt":"2025-11-21T14:38:08","slug":"allvarliga-buggar-i-nastan-alla-karnfunktioner-i-windows-11","status":"publish","type":"post","link":"https:\/\/www.europesays.com\/se\/86477\/","title":{"rendered":"Allvarliga buggar i n\u00e4stan alla k\u00e4rnfunktioner i Windows 11"},"content":{"rendered":"<p><a href=\"https:\/\/idg.digidip.net\/visit?url=https:\/\/www.neowin.net\/news\/microsoft-finally-admits-almost-all-major-windows-11-core-features-are-broken\/&amp;currurl=https:\/\/www.pcforalla.se\/article\/2981358\/allvarliga-buggar-i-nastan-alla-karnfunktioner-i-windows-11.html&amp;ref=8-1-2981358-1-0-0-0-0\" data-type=\"link\" data-id=\"https:\/\/www.neowin.net\/news\/microsoft-finally-admits-almost-all-major-windows-11-core-features-are-broken\/\" rel=\"nofollow noopener\" data-subtag=\"8-1-2981358-1-0-0-0-0\" data-domain-name=\"neowin\" target=\"_blank\">Neowin<\/a> uppm\u00e4rksammar att den senaste tidens underm\u00e5liga uppdateringar f\u00f6r Windows gjort att n\u00e4stan alla k\u00e4rnfunktioner i operativsystemet dras med problem f\u00f6r n\u00e4rvarande.<\/p>\n<p>Till exempel kraschar Explorer.exe och Shellhost.exe titt som t\u00e4tt, n\u00e5got som har bekr\u00e4ftats av Microsoft.<\/p>\n<p>M\u00e5nga av problemen har sin grund i KB5062553, en uppdatering f\u00f6r Windows 11 som skickades ut i juli. Sedan dess har vi f\u00e5tt se ett otal uppdateringar, men det finns fortfarande gott om buggar kvar att fixa.<\/p>\n<p>Kritiker h\u00e4vdar att problemen beror p\u00e5 att Microsoft b\u00f6rjat f\u00f6rlita sig p\u00e5 AI-genererad kod, vilken helt enkelt inte h\u00e5ller m\u00e5ttet. Men det l\u00e4r bli sv\u00e5rt att f\u00e5 mjukvaruj\u00e4tten att backa p\u00e5 den fronten.<\/p>\n<p><strong>L\u00e4s mer:<\/strong> <a href=\"https:\/\/www.pcforalla.se\/article\/2981141\/microsofts-ai-chef-ofattbart-att-folk-inte-ar-imponerade-av-ai.html\" data-type=\"link\" data-id=\"https:\/\/www.pcforalla.se\/article\/2981141\/microsofts-ai-chef-ofattbart-att-folk-inte-ar-imponerade-av-ai.html\" rel=\"nofollow noopener\" target=\"_blank\">Microsofts AI-chef: Ofattbart att folk inte \u00e4r imponerade av AI<\/a><\/p>\n","protected":false},"excerpt":{"rendered":"Neowin uppm\u00e4rksammar att den senaste tidens underm\u00e5liga uppdateringar f\u00f6r Windows gjort att n\u00e4stan alla k\u00e4rnfunktioner i operativsystemet dras&hellip;\n","protected":false},"author":2,"featured_media":86478,"comment_status":"","ping_status":"","sticky":false,"template":"","format":"standard","meta":{"footnotes":""},"categories":[66],"tags":[80,78,79,34,31,33,32,30,81,84,83,82],"class_list":{"0":"post-86477","1":"post","2":"type-post","3":"status-publish","4":"format-standard","5":"has-post-thumbnail","7":"category-vetenskap-och-teknik","8":"tag-science","9":"tag-science-and-technology","10":"tag-scienceandtechnology","11":"tag-se","12":"tag-svenska","13":"tag-sverige","14":"tag-sweden","15":"tag-swedish","16":"tag-technology","17":"tag-teknik","18":"tag-vetenskap","19":"tag-vetenskapteknik"},"share_on_mastodon":{"url":"https:\/\/pubeurope.com\/@se\/115588202923900913","error":""},"_links":{"self":[{"href":"https:\/\/www.europesays.com\/se\/wp-json\/wp\/v2\/posts\/86477","targetHints":{"allow":["GET"]}}],"collection":[{"href":"https:\/\/www.europesays.com\/se\/wp-json\/wp\/v2\/posts"}],"about":[{"href":"https:\/\/www.europesays.com\/se\/wp-json\/wp\/v2\/types\/post"}],"author":[{"embeddable":true,"href":"https:\/\/www.europesays.com\/se\/wp-json\/wp\/v2\/users\/2"}],"replies":[{"embeddable":true,"href":"https:\/\/www.europesays.com\/se\/wp-json\/wp\/v2\/comments?post=86477"}],"version-history":[{"count":0,"href":"https:\/\/www.europesays.com\/se\/wp-json\/wp\/v2\/posts\/86477\/revisions"}],"wp:featuredmedia":[{"embeddable":true,"href":"https:\/\/www.europesays.com\/se\/wp-json\/wp\/v2\/media\/86478"}],"wp:attachment":[{"href":"https:\/\/www.europesays.com\/se\/wp-json\/wp\/v2\/media?parent=86477"}],"wp:term":[{"taxonomy":"category","embeddable":true,"href":"https:\/\/www.europesays.com\/se\/wp-json\/wp\/v2\/categories?post=86477"},{"taxonomy":"post_tag","embeddable":true,"href":"https:\/\/www.europesays.com\/se\/wp-json\/wp\/v2\/tags?post=86477"}],"curies":[{"name":"wp","href":"https:\/\/api.w.org\/{rel}","templated":true}]}}