{"id":86481,"date":"2025-11-21T14:43:12","date_gmt":"2025-11-21T14:43:12","guid":{"rendered":"https:\/\/www.europesays.com\/se\/86481\/"},"modified":"2025-11-21T14:43:12","modified_gmt":"2025-11-21T14:43:12","slug":"juristen-om-intellego-vore-varsta-mojliga-scenario-for-aktieagarna","status":"publish","type":"post","link":"https:\/\/www.europesays.com\/se\/86481\/","title":{"rendered":"Juristen om Intellego: \u201dVore v\u00e4rsta m\u00f6jliga scenario f\u00f6r aktie\u00e4garna\u201d"},"content":{"rendered":"<p class=\"\">Sverre Linton, chefsjurist p\u00e5 Aktiespararna, menar att Intellegos eventuella avnotering skulle vara \u201dv\u00e4rsta m\u00f6jliga scenario f\u00f6r aktiespararna\u201d.<\/p>\n<p class=\"\">\u2013 Nasdaq anser att bolaget inte h\u00e5ller kvalitet f\u00f6r att finnas listat p\u00e5 b\u00f6rsen, och min bed\u00f6mning \u00e4r att f\u00f6r att det ska ske s\u00e5 handlar problemen inte bara om vd:n utan \u00e4ven andra delar av bolaget, s\u00e5som bokf\u00f6ring och informationsspridning, s\u00e4ger han, och till\u00e4gger:<\/p>\n<p class=\"\">\u2013 Men med tanke p\u00e5 v\u00e4ndningarna som har varit i bolaget ser jag ingen anledning att ifr\u00e5gas\u00e4tta beslutet.<\/p>\n<p>S\u00e5 kan Intellego agera nu <\/p>\n<p class=\"\">Han menar att beskedet s\u00e4tter aktie\u00e4garna i kl\u00e4m, eftersom det g\u00f6r det \u00e4nnu sv\u00e5rare f\u00f6r dem att realisera sin f\u00f6rlust om avnoteringen blir verklighet. Intellego kan i s\u00e5 fall s\u00f6ka sig till nya marknadsplatser, sp\u00e5r han, men att det kommer vara sv\u00e5rt f\u00f6r dem att bli insl\u00e4ppta.<\/p>\n<p class=\"\">\u2013 Om det \u00f6verhuvudtaget finns n\u00e5got av v\u00e4rde i det h\u00e4r bolaget finns det en m\u00f6jlighet f\u00f6r dem att bli uppk\u00f6pta, men oavsett \u00e4r det en otroligt jobbig situation f\u00f6r de som sitter p\u00e5 stora innehav.<\/p>\n<p class=\"\">Under f\u00f6rmiddagen kom beskedet att vd:n Claes Lindahl avg\u00e5r under utredningen, och att styrelseledamoten Jacob Laurin tar \u00f6ver posten.<\/p>\n<p class=\"\">\u2013 P\u00e5 sikt finns det grund f\u00f6r aktie\u00e4garna att st\u00e4mma bolaget och dess f\u00f6retr\u00e4dare f\u00f6r att f\u00e5 kompensation. Vi vet att Ekobrottsmyndigheten har plockat 100 miljoner ur bolagets kassa. Om Nasdaqs avsikt om avnotering \u00e4r kopplad till n\u00e5got som ligger p\u00e5 vd och styrelse, \u00e4r det m\u00f6jligt att aktie\u00e4garna f\u00e5r del av de medlen, s\u00e4ger Linton.<\/p>\n","protected":false},"excerpt":{"rendered":"Sverre Linton, chefsjurist p\u00e5 Aktiespararna, menar att Intellegos eventuella avnotering skulle vara \u201dv\u00e4rsta m\u00f6jliga scenario f\u00f6r aktiespararna\u201d. \u2013&hellip;\n","protected":false},"author":2,"featured_media":30837,"comment_status":"","ping_status":"","sticky":false,"template":"","format":"standard","meta":{"footnotes":""},"categories":[5],"tags":[22,23,26,27,17,21,24,25,28,29,15,16,18,34,31,33,32,30,19,20],"class_list":{"0":"post-86481","1":"post","2":"type-post","3":"status-publish","4":"format-standard","5":"has-post-thumbnail","7":"category-rubriker","8":"tag-breaking-news","9":"tag-breakingnews","10":"tag-featured-news","11":"tag-featurednews","12":"tag-headlines","13":"tag-huvudnyheter","14":"tag-latest-news","15":"tag-latestnews","16":"tag-main-news","17":"tag-mainnews","18":"tag-news","19":"tag-nyheter","20":"tag-rubriker","21":"tag-se","22":"tag-svenska","23":"tag-sverige","24":"tag-sweden","25":"tag-swedish","26":"tag-top-stories","27":"tag-topstories"},"share_on_mastodon":{"url":"https:\/\/pubeurope.com\/@se\/115588222392190988","error":""},"_links":{"self":[{"href":"https:\/\/www.europesays.com\/se\/wp-json\/wp\/v2\/posts\/86481","targetHints":{"allow":["GET"]}}],"collection":[{"href":"https:\/\/www.europesays.com\/se\/wp-json\/wp\/v2\/posts"}],"about":[{"href":"https:\/\/www.europesays.com\/se\/wp-json\/wp\/v2\/types\/post"}],"author":[{"embeddable":true,"href":"https:\/\/www.europesays.com\/se\/wp-json\/wp\/v2\/users\/2"}],"replies":[{"embeddable":true,"href":"https:\/\/www.europesays.com\/se\/wp-json\/wp\/v2\/comments?post=86481"}],"version-history":[{"count":0,"href":"https:\/\/www.europesays.com\/se\/wp-json\/wp\/v2\/posts\/86481\/revisions"}],"wp:featuredmedia":[{"embeddable":true,"href":"https:\/\/www.europesays.com\/se\/wp-json\/wp\/v2\/media\/30837"}],"wp:attachment":[{"href":"https:\/\/www.europesays.com\/se\/wp-json\/wp\/v2\/media?parent=86481"}],"wp:term":[{"taxonomy":"category","embeddable":true,"href":"https:\/\/www.europesays.com\/se\/wp-json\/wp\/v2\/categories?post=86481"},{"taxonomy":"post_tag","embeddable":true,"href":"https:\/\/www.europesays.com\/se\/wp-json\/wp\/v2\/tags?post=86481"}],"curies":[{"name":"wp","href":"https:\/\/api.w.org\/{rel}","templated":true}]}}