{"id":86482,"date":"2025-11-21T14:47:08","date_gmt":"2025-11-21T14:47:08","guid":{"rendered":"https:\/\/www.europesays.com\/se\/86482\/"},"modified":"2025-11-21T14:47:08","modified_gmt":"2025-11-21T14:47:08","slug":"alldocube-lanserar-microsoft-surface-pro-10-konkurrenten-iwork-gt-ultra-med-lanseringsrabatt","status":"publish","type":"post","link":"https:\/\/www.europesays.com\/se\/86482\/","title":{"rendered":"Alldocube lanserar Microsoft Surface Pro 10-konkurrenten iWork GT Ultra med lanseringsrabatt"},"content":{"rendered":"<p class=\"bodytext\">Efter flera omg\u00e5ngar av teasers har Alldocube lanserat iWork GT Ultra, en ny Windows-surfplatta som st\u00e5r som en konkurrent till Microsoft Surface Pro 10, som ocks\u00e5 drivs av Intel Meteor Lake-processorer.&#13;<\/p>\n<p class=\"bodytext\">Men det \u00e4r klart, <a href=\"http:\/\/www.notebookcheck.net\/Microsoft-Surface-Pro-10.849368.0.html\" target=\"_self\" class=\"internal-link\" rel=\"nofollow noopener\">Microsoft erbjuder<\/a> Meteor Lake U-serien av processoralternativ f\u00f6r sin Surface Pro 10, medan iWork GT Ultra drivs av en H-serie CPU, vilket g\u00f6r den b\u00e4ttre utrustad f\u00f6r prestanda. Alldocubes nya Windows-surfplatta kommer ocks\u00e5 med en mer kapabel iGPU.&#13;<\/p>\n<p class=\"bodytext\">F\u00f6r att vara mer specifik har Core Ultra 5 125H den 7-k\u00e4rniga Intel Arc iGPU, som kan erbjuda <a href=\"http:\/\/www.notebookcheck.net\/Intel-Arc-7-Cores-iGPU-Benchmarks-and-Specs.782931.0.html\" target=\"_self\" class=\"internal-link\" rel=\"nofollow noopener\">en liknande niv\u00e5<\/a> spelprestanda som Radeon 780M. Alldocube lyfter ocks\u00e5 fram att iWork GT Ultra \u00e4r utrustad med en avancerad kylning med dubbla fl\u00e4ktar, vilket g\u00f6r att systemet h\u00e5ller sig svalt och tyst \u00e4ven n\u00e4r det hanterar tunga arbetsbelastningar.&#13;<\/p>\n<p class=\"bodytext\">N\u00e4r det g\u00e4ller sk\u00e4rmen har iWork GT Ultra en 13-tums IPS-sk\u00e4rm med en uppl\u00f6sning p\u00e5 2560&#215;1600 pixlar och en uppdateringsfrekvens p\u00e5 60 Hz. Det finns st\u00f6d f\u00f6r 10-punkts touch och peksk\u00e4rmen \u00e4r kompatibel med styluspennor. Windows-surfplattan har ocks\u00e5 st\u00f6d f\u00f6r ett tangentbord via Pogo Pin som finns p\u00e5 undersidan. Andra I\/O-portar inkluderar:<\/p>\n<p class=\"bodytext\">Andra anm\u00e4rkningsv\u00e4rda h\u00f6jdpunkter hos iWork GT Ultra \u00e4r 16 GB LPDDR5 RAM, 1 TB PCIe-lagring, WiFi 6, Bluetooth 5.2, inbyggt st\u00f6d och st\u00f6d f\u00f6r 65 W PD snabbladdning. Alldocube erbjuder f\u00f6r n\u00e4rvarande en lanseringsrabatt, vilket g\u00f6r att Windows 11-surfplattan sjunker fr\u00e5n ordinarie pris p\u00e5 \u20ac1199,99 till <a href=\"https:\/\/www.amazon.de\/dp\/B0FW6PM2MZ?tag=notebookcheck-news-de-21\" target=\"_blank\" rel=\"sponsored nofollow noopener\" class=\"external-link-new-window\">\u20ac799,99 i EU.<\/a><\/p>\n","protected":false},"excerpt":{"rendered":"Efter flera omg\u00e5ngar av teasers har Alldocube lanserat iWork GT Ultra, en ny Windows-surfplatta som st\u00e5r som en&hellip;\n","protected":false},"author":2,"featured_media":86483,"comment_status":"","ping_status":"","sticky":false,"template":"","format":"standard","meta":{"footnotes":""},"categories":[66],"tags":[735,9271,7083,9275,9272,9276,7084,7085,80,78,79,34,9274,31,33,32,30,81,84,83,82,9277,9273],"class_list":{"0":"post-86482","1":"post","2":"type-post","3":"status-publish","4":"format-standard","5":"has-post-thumbnail","7":"category-vetenskap-och-teknik","8":"tag-microsoft","9":"tag-alldocube","10":"tag-barbar-dator","11":"tag-intel-core-ultra","12":"tag-iwork-gt-ultra","13":"tag-konvertibel","14":"tag-laptop","15":"tag-notebook","16":"tag-science","17":"tag-science-and-technology","18":"tag-scienceandtechnology","19":"tag-se","20":"tag-surface-pro-10","21":"tag-svenska","22":"tag-sverige","23":"tag-sweden","24":"tag-swedish","25":"tag-technology","26":"tag-teknik","27":"tag-vetenskap","28":"tag-vetenskapteknik","29":"tag-windows-11","30":"tag-windows-surfplatta"},"share_on_mastodon":{"url":"https:\/\/pubeurope.com\/@se\/115588238143881892","error":""},"_links":{"self":[{"href":"https:\/\/www.europesays.com\/se\/wp-json\/wp\/v2\/posts\/86482","targetHints":{"allow":["GET"]}}],"collection":[{"href":"https:\/\/www.europesays.com\/se\/wp-json\/wp\/v2\/posts"}],"about":[{"href":"https:\/\/www.europesays.com\/se\/wp-json\/wp\/v2\/types\/post"}],"author":[{"embeddable":true,"href":"https:\/\/www.europesays.com\/se\/wp-json\/wp\/v2\/users\/2"}],"replies":[{"embeddable":true,"href":"https:\/\/www.europesays.com\/se\/wp-json\/wp\/v2\/comments?post=86482"}],"version-history":[{"count":0,"href":"https:\/\/www.europesays.com\/se\/wp-json\/wp\/v2\/posts\/86482\/revisions"}],"wp:featuredmedia":[{"embeddable":true,"href":"https:\/\/www.europesays.com\/se\/wp-json\/wp\/v2\/media\/86483"}],"wp:attachment":[{"href":"https:\/\/www.europesays.com\/se\/wp-json\/wp\/v2\/media?parent=86482"}],"wp:term":[{"taxonomy":"category","embeddable":true,"href":"https:\/\/www.europesays.com\/se\/wp-json\/wp\/v2\/categories?post=86482"},{"taxonomy":"post_tag","embeddable":true,"href":"https:\/\/www.europesays.com\/se\/wp-json\/wp\/v2\/tags?post=86482"}],"curies":[{"name":"wp","href":"https:\/\/api.w.org\/{rel}","templated":true}]}}