{"id":86488,"date":"2025-11-21T14:51:16","date_gmt":"2025-11-21T14:51:16","guid":{"rendered":"https:\/\/www.europesays.com\/se\/86488\/"},"modified":"2025-11-21T14:51:16","modified_gmt":"2025-11-21T14:51:16","slug":"romina-pourmokhtari-gor-svt-galna","status":"publish","type":"post","link":"https:\/\/www.europesays.com\/se\/86488\/","title":{"rendered":"Romina Pourmokhtari g\u00f6r SVT galna"},"content":{"rendered":"<p>Viktor Barth-Kron<\/p>\n<p>Publicerad 21 nov 2025 kl 13.31Uppdaterad kl 13.45<\/p>\n<p>Klimatministern missar m\u00e5len men framst\u00e5r som den enda vuxna i rummet, skriver Viktor Barth-Kron.<\/p>\n<p><img   alt=\"\"\/><\/p>\n<p>Klimatminister Romina Pourmokhtari.<\/p>\n<p>Foto: MAGNUS LEJHALL<\/p>\n<p>\u00d6ppna bild i helsk\u00e4rm<\/p>\n<p>Detta \u00e4r en kommenterande text. Analys och st\u00e4llningstaganden \u00e4r skribentens.<\/p>\n<p><img   alt=\"\"\/>Viktor Barth-Kron<\/p>\n<p>N\u00e5gonstans trodde man att botten var n\u00e5dd n\u00e4r SVT:s \u201dAgenda\u201d (<a href=\"https:\/\/www.svtplay.se\/video\/8YqqY2M\/agenda\/ryssland-provocerar\" rel=\"nofollow noopener\" target=\"_blank\">28\/9<\/a>) l\u00e4t artisten <strong>Stefan Sundstr\u00f6m<\/strong> skalda fritt om den svekfulla klimatministern.<\/p>\n<p>\u201dHon borde avg\u00e5 medan hon fortfarande har n\u00e5\u2019n sj\u00e4l kvar\u201d, v\u00e4ste den gr\u00e5nade v\u00e4nstertrubaduren bredvid en kompost p\u00e5 M\u00e4lar\u00f6arna.<\/p>\n<p>Konstigare blir det v\u00e4l inte? Jod\u00e5.<\/p>\n<p><strong>I den nya minidokument\u00e4ren \u201d<\/strong><a href=\"https:\/\/www.svtplay.se\/video\/KRozqgE\/romina-pourmokhtari-bryr-du-dig\" rel=\"nofollow noopener\" target=\"_blank\"><strong>Romina Pourmokhtari \u2013 bryr du dig?<\/strong><\/a><strong>\u201d upph\u00f6js amat\u00f6rpsykologiserandet till konstform.<\/strong><\/p>\n<p>Tycker du att det \u00e4r jobbigt?<\/p>\n<p>Jag vill veta hur det k\u00e4ndes att \u00e4ndra sig.<\/p>\n<p>Kan du f\u00f6rst\u00e5 att det uppfattas som att du inte bryr dig om klimatet p\u00e5 riktigt?<\/p>\n<p>Identitetspolitik \u00e4r f\u00f6rvisso inte lika g\u00e5ngbart i debatten l\u00e4ngre, men s\u00e4g s\u00e5 h\u00e4r: Tror n\u00e5gon att SVT hade behandlat statsr\u00e5det <strong>Roland Stentomte<\/strong>, 57, p\u00e5 motsvarande s\u00e4tt?<\/p>\n<blockquote><p>Det \u00e4r inte bara tr\u00f6ttsamt, det \u00e4r kontraproduktivt ocks\u00e5<\/p><\/blockquote>\n<p>Det \u00e4r f\u00f6r all del inte bara SVT som tappar huvudet av just Romina Pourmokhtari. Kulturpersonligheter, <a href=\"https:\/\/www.expressen.se\/nyheter\/politik\/l-ilskan-mot-margot-wallstrom-falsk\/\" rel=\"nofollow noopener\" target=\"_blank\"><strong>Margot Wallstr\u00f6m<\/strong><\/a>, snart sagt alla som anser sig representera det goda etablissemanget tycks k\u00e4nna ett s\u00e4rskilt ansvar att markera mot den liberala avf\u00e4llingen.<\/p>\n<p>Hon! Som skulle vara en av oss!<\/p>\n<p>Det \u00e4r inte bara tr\u00f6ttsamt, det \u00e4r f\u00f6rmodligen kontraproduktivt ocks\u00e5. Psykologiserandet runt personen Pourmokhtari st\u00e5r i v\u00e4gen f\u00f6r den politiska kritiken.<\/p>\n<p>Nu f\u00e5r vi i st\u00e4llet en situation d\u00e4r klimatm\u00e5len visserligen g\u00e5r \u00e5t skogen, men d\u00e4r ansvarig minister \u00e4nd\u00e5 framst\u00e5r som den enda vuxna i rummet. Eftersom alla andra \u00e4r galna.<\/p>\n<p><strong>Det \u00e4r f\u00f6r \u00f6vrigt inte alls s\u00e4rskilt sv\u00e5rt att f\u00f6rst\u00e5 klimatministerns motiv.<\/strong><\/p>\n<p>Varken Romina Pourmokhtari eller <strong>Simona Mohamsson<\/strong> valde att leda Liberalerna dit partiet \u00e4r i dag. D\u00e4remot har b\u00e5da valt att vara lojala med partiet, spela bollen d\u00e4r den ligger och f\u00f6rs\u00f6ka g\u00f6ra det b\u00e4sta av situationen.<\/p>\n<p>Visserligen en ovanlig attityd bland just svenska liberaler, men det har h\u00e4nt f\u00f6rr.<\/p>\n<p>N\u00e4r SVT nu kramat varenda t\u00e4nkbar droppe (v\u00e4l?) ur just <a href=\"https:\/\/www.expressen.se\/tagg\/person\/romina-pourmokhtari\/\" class=\"\" rel=\"nofollow noopener\" target=\"_blank\">Romina Pourmokhtaris<\/a> stora svek finns det mycket annat att s\u00e4tta t\u00e4nderna i.<\/p>\n<p>Vad s\u00e4gs om alla socialdemokrater som gick med i SSU f\u00f6r den globala solidariteten, och stannade som karri\u00e4rister i <strong>Magdalena Anderssons<\/strong> \u201dstrama\u201d flaggviftarparti?<\/p>\n<p>Eller kanske n\u00e5gon av alla moderater som klappade h\u00e4nderna \u00e5t <strong>Fredrik Reinfeldts<\/strong> r\u00f6da linjer, men i dag \u00e4r helt of\u00f6rst\u00e5ende till att folk kan vara tveksamma inf\u00f6r tanken p\u00e5 Jimmie \u00c5kesson som justitieminister?<\/p>\n<p><strong>Det blir m\u00e5nga dokument\u00e4rer. Hoppas Stefan Sundstr\u00f6m har st\u00e4mt gitarren.<\/strong><\/p>\n<p>Viktor Barth-Kron \u00e4r politisk kommentator p\u00e5 Expressen och g\u00f6r podden Politikrummet. H\u00f6r hans intervjuer fr\u00e5n veckan, med Magdalena Andersson och Nooshi Dadgostar, i spelarna h\u00e4r nedanf\u00f6r.<\/p>\n<p><img alt=\"\"\/>Ljudklippet gick inte att spela upp<\/p>\n<p>F\u00f6rs\u00f6k igen senare<\/p>\n<p><img alt=\"\"\/>Ljudklippet gick inte att spela upp<\/p>\n<p>F\u00f6rs\u00f6k igen senare<\/p>\n","protected":false},"excerpt":{"rendered":"Viktor Barth-Kron Publicerad 21 nov 2025 kl 13.31Uppdaterad kl 13.45 Klimatministern missar m\u00e5len men framst\u00e5r som den enda&hellip;\n","protected":false},"author":2,"featured_media":86489,"comment_status":"","ping_status":"","sticky":false,"template":"","format":"standard","meta":{"footnotes":""},"categories":[5],"tags":[22,23,26,27,17,21,24,25,28,29,15,16,618,361,224,18,34,1238,31,33,32,30,19,152,20],"class_list":{"0":"post-86488","1":"post","2":"type-post","3":"status-publish","4":"format-standard","5":"has-post-thumbnail","7":"category-rubriker","8":"tag-breaking-news","9":"tag-breakingnews","10":"tag-featured-news","11":"tag-featurednews","12":"tag-headlines","13":"tag-huvudnyheter","14":"tag-latest-news","15":"tag-latestnews","16":"tag-main-news","17":"tag-mainnews","18":"tag-news","19":"tag-nyheter","20":"tag-organization-liberalerna","21":"tag-organization-svt","22":"tag-person-romina-pourmokhtari","23":"tag-rubriker","24":"tag-se","25":"tag-sections-viktorbarthkron","26":"tag-svenska","27":"tag-sverige","28":"tag-sweden","29":"tag-swedish","30":"tag-top-stories","31":"tag-topic-inrikespolitik","32":"tag-topstories"},"share_on_mastodon":{"url":"https:\/\/pubeurope.com\/@se\/115588253828978285","error":""},"_links":{"self":[{"href":"https:\/\/www.europesays.com\/se\/wp-json\/wp\/v2\/posts\/86488","targetHints":{"allow":["GET"]}}],"collection":[{"href":"https:\/\/www.europesays.com\/se\/wp-json\/wp\/v2\/posts"}],"about":[{"href":"https:\/\/www.europesays.com\/se\/wp-json\/wp\/v2\/types\/post"}],"author":[{"embeddable":true,"href":"https:\/\/www.europesays.com\/se\/wp-json\/wp\/v2\/users\/2"}],"replies":[{"embeddable":true,"href":"https:\/\/www.europesays.com\/se\/wp-json\/wp\/v2\/comments?post=86488"}],"version-history":[{"count":0,"href":"https:\/\/www.europesays.com\/se\/wp-json\/wp\/v2\/posts\/86488\/revisions"}],"wp:featuredmedia":[{"embeddable":true,"href":"https:\/\/www.europesays.com\/se\/wp-json\/wp\/v2\/media\/86489"}],"wp:attachment":[{"href":"https:\/\/www.europesays.com\/se\/wp-json\/wp\/v2\/media?parent=86488"}],"wp:term":[{"taxonomy":"category","embeddable":true,"href":"https:\/\/www.europesays.com\/se\/wp-json\/wp\/v2\/categories?post=86488"},{"taxonomy":"post_tag","embeddable":true,"href":"https:\/\/www.europesays.com\/se\/wp-json\/wp\/v2\/tags?post=86488"}],"curies":[{"name":"wp","href":"https:\/\/api.w.org\/{rel}","templated":true}]}}