{"id":86492,"date":"2025-11-21T14:55:07","date_gmt":"2025-11-21T14:55:07","guid":{"rendered":"https:\/\/www.europesays.com\/se\/86492\/"},"modified":"2025-11-21T14:55:07","modified_gmt":"2025-11-21T14:55:07","slug":"xiaomi-bekraftar-poco-pad-m1-globala-lanseringsplaner-med-120-hz-skarm-och-massivt-12-000-mah-batteri","status":"publish","type":"post","link":"https:\/\/www.europesays.com\/se\/86492\/","title":{"rendered":"Xiaomi bekr\u00e4ftar Poco Pad M1 globala lanseringsplaner med 120 Hz-sk\u00e4rm och massivt 12 000 mAh-batteri"},"content":{"rendered":"<p class=\"bodytext\">Tidigare idag, <a href=\"http:\/\/www.notebookcheck.net\/Poco-Pad-X1-set-to-launch-on-November-26-alongside-Poco-F8-series.1168017.0.html\" target=\"_self\" class=\"internal-link\" rel=\"nofollow noopener\">Xiaomi avsl\u00f6jade<\/a> att Poco Pad X1 skulle g\u00e5 med i Poco F8-serien n\u00e4sta vecka under ett globalt lanseringsevenemang. Som det <a href=\"http:\/\/www.notebookcheck.net\/Xiaomi-previews-Poco-F8-Pro-and-Poco-F8-Ultra-with-major-upgrades-shown-over-current-Poco-F7-Pro-and-Poco-F7-Ultra.1167422.0.html\" target=\"_self\" class=\"internal-link\" rel=\"nofollow noopener\">retades med ig\u00e5r<\/a>kommer Poco F8-serien att b\u00f6rja med <a href=\"http:\/\/www.notebookcheck.net\/More-smartphone-is-hardly-possible-for-the-price-Xiaomi-Poco-F7-Pro-review.1004392.0.html\" target=\"_self\" class=\"internal-link\" rel=\"nofollow noopener\">Poco F7 Pro<\/a> och <a href=\"http:\/\/www.notebookcheck.net\/Xiaomi-Poco-F7-Ultra-review-Ultra-fast-smartphone-aims-to-challenge-the-competition.993578.0.html\" target=\"_self\" class=\"internal-link\" rel=\"nofollow noopener\">Poco F7 Ultra<\/a> efterf\u00f6ljare. Med andra ord kommer standard Poco F7 att finnas kvar p\u00e5 plats n\u00e4r Poco F8 Pro och Poco F8 Ultra s\u00e4ljs.<\/p>\n<p class=\"align-left\">Nu har f\u00f6retaget bekr\u00e4ftat att en fj\u00e4rde enhet kommer att ansluta sig till Poco F8 Pro, Poco F8 Ultra och Poco Pad X1 den 26 november. Enheten i fr\u00e5ga \u00e4r Poco Pad M1, som <a href=\"http:\/\/www.notebookcheck.net\/Xiaomi-Poco-Pad-M1-tipped-to-feature-Snapdragon-7s-Gen-4-12-000-mAh-battery-and-blue-colour-option.1164432.0.html\" target=\"_self\" class=\"internal-link\" rel=\"nofollow noopener\">rykten tyder p\u00e5<\/a> \u00e4r en omm\u00e4rkt <a href=\"http:\/\/www.notebookcheck.net\/Xiaomi-launches-Redmi-Pad-2-Pro-with-optional-5G-joined-by-battery-and-performance-upgrades.1122116.0.html\" target=\"_self\" class=\"internal-link\" rel=\"nofollow noopener\">Redmi Pad 2 Pro<\/a> <a href=\"https:\/\/www.amazon.com\/XIAOMI-Speakers-12000mAh-Bluetooth-25099RP13G\/dp\/B0FY7DJSQ9?tag=nbcnewsnet-20\" target=\"_blank\" rel=\"sponsored nofollow noopener\" class=\"external-link-new-window\">(curr. $369,99 p\u00e5 Amazon)<\/a>. \u00c4ven om Xiaomi sannolikt inte uttryckligen kommer att l\u00e4nka de tv\u00e5 enheterna, har det redan beskrivit n\u00e5gra Poco Pad M1-specifikationer.<\/p>\n<p class=\"bodytext\">Till exempel har f\u00f6retaget avsl\u00f6jat inf\u00f6randet av ett 12 000 mAh batteri precis som <a href=\"http:\/\/www.notebookcheck.net\/Xiaomi-launches-Redmi-Pad-2-Pro-with-optional-5G-joined-by-battery-and-performance-upgrades.1122116.0.html\" target=\"_self\" class=\"internal-link\" rel=\"nofollow noopener\">Redmi Pad 2 Pro<\/a> f\u00f6re den. I en annan likhet med <a href=\"http:\/\/www.notebookcheck.net\/Xiaomi-launches-Redmi-Pad-2-Pro-with-optional-5G-joined-by-battery-and-performance-upgrades.1122116.0.html\" target=\"_self\" class=\"internal-link\" rel=\"nofollow noopener\">Redmi Pad 2 Pro<\/a>bekr\u00e4ftar Xiaomis teaser ocks\u00e5 att den nya Poco Pad anv\u00e4nder en 12,1-tums sk\u00e4rm med en 2,5K-uppl\u00f6sning och 120 Hz uppdateringsfrekvens. Dessutom har Poco Pad M1 till och med samma kamerahus och \u00f6vergripande design som <a href=\"http:\/\/www.notebookcheck.net\/Xiaomi-launches-Redmi-Pad-2-Pro-with-optional-5G-joined-by-battery-and-performance-upgrades.1122116.0.html\" target=\"_self\" class=\"internal-link\" rel=\"nofollow noopener\">Redmi Pad 2 Pro<\/a>. I det h\u00e4r skedet \u00e4r den st\u00f6rsta skillnaden mellan Poco Pad M1 och dess Redmi Pad-syskon den f\u00f6rstn\u00e4mnda nya bl\u00e5 f\u00e4rgalternativet.<\/p>\n","protected":false},"excerpt":{"rendered":"Tidigare idag, Xiaomi avsl\u00f6jade att Poco Pad X1 skulle g\u00e5 med i Poco F8-serien n\u00e4sta vecka under ett&hellip;\n","protected":false},"author":2,"featured_media":86493,"comment_status":"","ping_status":"","sticky":false,"template":"","format":"standard","meta":{"footnotes":""},"categories":[66],"tags":[6565,7083,7084,7085,9279,80,78,79,34,7697,31,33,32,30,81,84,83,82,7141,9278,8231],"class_list":{"0":"post-86492","1":"post","2":"type-post","3":"status-publish","4":"format-standard","5":"has-post-thumbnail","7":"category-vetenskap-och-teknik","8":"tag-android","9":"tag-barbar-dator","10":"tag-laptop","11":"tag-notebook","12":"tag-poco-pad-m1","13":"tag-science","14":"tag-science-and-technology","15":"tag-scienceandtechnology","16":"tag-se","17":"tag-surfplatta","18":"tag-svenska","19":"tag-sverige","20":"tag-sweden","21":"tag-swedish","22":"tag-technology","23":"tag-teknik","24":"tag-vetenskap","25":"tag-vetenskapteknik","26":"tag-xiaomi","27":"tag-xiaomi-poco-pad","28":"tag-xiaomi-poco-pad-m1"},"share_on_mastodon":{"url":"https:\/\/pubeurope.com\/@se\/115588269662634798","error":""},"_links":{"self":[{"href":"https:\/\/www.europesays.com\/se\/wp-json\/wp\/v2\/posts\/86492","targetHints":{"allow":["GET"]}}],"collection":[{"href":"https:\/\/www.europesays.com\/se\/wp-json\/wp\/v2\/posts"}],"about":[{"href":"https:\/\/www.europesays.com\/se\/wp-json\/wp\/v2\/types\/post"}],"author":[{"embeddable":true,"href":"https:\/\/www.europesays.com\/se\/wp-json\/wp\/v2\/users\/2"}],"replies":[{"embeddable":true,"href":"https:\/\/www.europesays.com\/se\/wp-json\/wp\/v2\/comments?post=86492"}],"version-history":[{"count":0,"href":"https:\/\/www.europesays.com\/se\/wp-json\/wp\/v2\/posts\/86492\/revisions"}],"wp:featuredmedia":[{"embeddable":true,"href":"https:\/\/www.europesays.com\/se\/wp-json\/wp\/v2\/media\/86493"}],"wp:attachment":[{"href":"https:\/\/www.europesays.com\/se\/wp-json\/wp\/v2\/media?parent=86492"}],"wp:term":[{"taxonomy":"category","embeddable":true,"href":"https:\/\/www.europesays.com\/se\/wp-json\/wp\/v2\/categories?post=86492"},{"taxonomy":"post_tag","embeddable":true,"href":"https:\/\/www.europesays.com\/se\/wp-json\/wp\/v2\/tags?post=86492"}],"curies":[{"name":"wp","href":"https:\/\/api.w.org\/{rel}","templated":true}]}}