{"id":86495,"date":"2025-11-21T14:58:15","date_gmt":"2025-11-21T14:58:15","guid":{"rendered":"https:\/\/www.europesays.com\/se\/86495\/"},"modified":"2025-11-21T14:58:15","modified_gmt":"2025-11-21T14:58:15","slug":"klimattoppmote-avbrots-pa-grund-av-brand-unt","status":"publish","type":"post","link":"https:\/\/www.europesays.com\/se\/86495\/","title":{"rendered":"Klimattoppm\u00f6te avbr\u00f6ts p\u00e5 grund av brand &#8211; UNT"},"content":{"rendered":"<ol>\n<li><a href=\"https:\/\/news.google.com\/rss\/articles\/CBMiogFBVV95cUxNT0RuWjQtYnhvMlRPV0U5M3ZEM0J4eGx2YW1QTkhiUGgtYnQ4RmxGWmRLb21MX3NZTng0NkRsSXg0c0tTT3NIVFE2Z09Rd0JtZEJPMndwb0FZTEh1cmhsMmpzcko2bFhIcEY0NGVfaksydFlRbU1ULVgzblgyWk5xVFdrbXhTeUpDdjl4YVo5ejk1VlJtVjd5b3owcEpDYVpCVlE?oc=5\" target=\"_blank\" rel=\"nofollow noopener\">Klimattoppm\u00f6te avbr\u00f6ts p\u00e5 grund av brand<\/a>&nbsp;&nbsp;UNT<\/li>\n<li><a href=\"https:\/\/news.google.com\/rss\/articles\/CBMiwAFBVV95cUxOZDc1R2hkYWgtaGV5by1QZzhvQlRkVlM4MTMybWxTallEZjZlUUpKbllZWG90cllvNkJRT01tLTNuUGtRcjFvQmlIczVOd05vZUR2ZkRrMzdsRXQ0cFhDeFVyUWNRVFJZVEdqYlY0Q2dmeVA1V1A5UE13WmFrOU1Rano3QXBHWmI2bVY3dlpFX29SWVRLejN1VUhTQVI3MkdjRXVuOXRMVGhfWk5KWWtFUFNhMmlwYm1oNncwcHpBdzM?oc=5\" target=\"_blank\" rel=\"nofollow noopener\">Nu samlas alla l\u00e4nder f\u00f6r att diskutera utkastet \u2013 Senaste nytt om FN:s klimattoppm\u00f6te COP30 i Bel\u00e9m<\/a>&nbsp;&nbsp;SVT Nyheter<\/li>\n<li><a href=\"https:\/\/news.google.com\/rss\/articles\/CBMigwFBVV95cUxOMlk2YjRnSTJVWWhTTVpCc3NvQkFIRm1EVmpZdDNoa2QtSW1MY2xPZDIwT1JfOGswR2hHc3hOVW9laWVyN0ZYT2dGeDB4czdJdGNHX3VobFJYZ0RzNFBNWnJuSVVyckZYcWJZUW1CcWlTckNnYzVlZzA3eVNGRk9HZmlsMA?oc=5\" target=\"_blank\" rel=\"nofollow noopener\">Os\u00e4mja om fossila br\u00e4nslen i slutspurten av COP30<\/a>&nbsp;&nbsp;SvD<\/li>\n<li><a href=\"https:\/\/news.google.com\/rss\/articles\/CBMid0FVX3lxTE9iTFRSWXd4R2hubUt1SjdaUjBzcmJhMWp5MDR6SWxLN2dWMjVSeFlhR290WlJwVkgyRFk2dWQxLVR0WmNpMXhhbVlpMDNrTFhRSVdXVlVwcDk2VXN4NDJmMHN1YVdndjJEWVl2UE9WSm1YS2J5VWJv?oc=5\" target=\"_blank\" rel=\"nofollow noopener\">Kraftig brand p\u00e5 klimatm\u00f6tet COP30 \u2013 byggnaden utrymd<\/a>&nbsp;&nbsp;Aftonbladet<\/li>\n<li><a href=\"https:\/\/news.google.com\/rss\/articles\/CBMiXkFVX3lxTFBJa0RpYkN1TWc5cWpYOXpSamhYSnRWREt5M2k3WXItVlUxaVhCSXhRc3c0ajFxNHhHVVFzbE9QOXhRYWxIQ1Uybm5pSGFFZTR2NElndWVlcXcxWWQxWkE?oc=5\" target=\"_blank\" rel=\"nofollow noopener\">Brand p\u00e5 m\u00f6tet om klimatet<\/a>&nbsp;&nbsp;8 Sidor<\/li>\n<\/ol>\n","protected":false},"excerpt":{"rendered":"Klimattoppm\u00f6te avbr\u00f6ts p\u00e5 grund av brand&nbsp;&nbsp;UNT Nu samlas alla l\u00e4nder f\u00f6r att diskutera utkastet \u2013 Senaste nytt om&hellip;\n","protected":false},"author":2,"featured_media":86496,"comment_status":"","ping_status":"","sticky":false,"template":"","format":"standard","meta":{"footnotes":""},"categories":[12],"tags":[22,23,26,27,17,21,24,25,28,29,15,16,18,34,31,33,32,30,19,20],"class_list":{"0":"post-86495","1":"post","2":"type-post","3":"status-publish","4":"format-standard","5":"has-post-thumbnail","7":"category-sverige","8":"tag-breaking-news","9":"tag-breakingnews","10":"tag-featured-news","11":"tag-featurednews","12":"tag-headlines","13":"tag-huvudnyheter","14":"tag-latest-news","15":"tag-latestnews","16":"tag-main-news","17":"tag-mainnews","18":"tag-news","19":"tag-nyheter","20":"tag-rubriker","21":"tag-se","22":"tag-svenska","23":"tag-sverige","24":"tag-sweden","25":"tag-swedish","26":"tag-top-stories","27":"tag-topstories"},"share_on_mastodon":{"url":"https:\/\/pubeurope.com\/@se\/115588281419910497","error":""},"_links":{"self":[{"href":"https:\/\/www.europesays.com\/se\/wp-json\/wp\/v2\/posts\/86495","targetHints":{"allow":["GET"]}}],"collection":[{"href":"https:\/\/www.europesays.com\/se\/wp-json\/wp\/v2\/posts"}],"about":[{"href":"https:\/\/www.europesays.com\/se\/wp-json\/wp\/v2\/types\/post"}],"author":[{"embeddable":true,"href":"https:\/\/www.europesays.com\/se\/wp-json\/wp\/v2\/users\/2"}],"replies":[{"embeddable":true,"href":"https:\/\/www.europesays.com\/se\/wp-json\/wp\/v2\/comments?post=86495"}],"version-history":[{"count":0,"href":"https:\/\/www.europesays.com\/se\/wp-json\/wp\/v2\/posts\/86495\/revisions"}],"wp:featuredmedia":[{"embeddable":true,"href":"https:\/\/www.europesays.com\/se\/wp-json\/wp\/v2\/media\/86496"}],"wp:attachment":[{"href":"https:\/\/www.europesays.com\/se\/wp-json\/wp\/v2\/media?parent=86495"}],"wp:term":[{"taxonomy":"category","embeddable":true,"href":"https:\/\/www.europesays.com\/se\/wp-json\/wp\/v2\/categories?post=86495"},{"taxonomy":"post_tag","embeddable":true,"href":"https:\/\/www.europesays.com\/se\/wp-json\/wp\/v2\/tags?post=86495"}],"curies":[{"name":"wp","href":"https:\/\/api.w.org\/{rel}","templated":true}]}}