{"id":86501,"date":"2025-11-21T15:03:12","date_gmt":"2025-11-21T15:03:12","guid":{"rendered":"https:\/\/www.europesays.com\/se\/86501\/"},"modified":"2025-11-21T15:03:12","modified_gmt":"2025-11-21T15:03:12","slug":"xiaomi-2k-monitor-a27qi-2026-lanseras-globalt-med-120-hz-uppdateringsfrekvens","status":"publish","type":"post","link":"https:\/\/www.europesays.com\/se\/86501\/","title":{"rendered":"Xiaomi 2K Monitor A27Qi 2026 lanseras globalt med 120 Hz uppdateringsfrekvens"},"content":{"rendered":"<p>\t\t<a href=\"https:\/\/www.notebookcheck.se\/fileadmin\/Notebooks\/News\/_nc5\/xiaomi-2026-120-hz-monitor-kv.jpg\" data-caption=\"2K Monitor A27Qi 2026 \u00f6vertr\u00e4ffar sin f\u00f6reg\u00e5ngare inom flera omr\u00e5den. (Bildk\u00e4lla: Xiaomi)\" rel=\"nofollow noopener\" target=\"_blank\"><img decoding=\"async\" src=\"https:\/\/www.europesays.com\/se\/wp-content\/uploads\/2025\/11\/csm_xiaomi-2026-120-hz-monitor-kv_cbc3f20870.jpg\" loading=\"lazy\" fetchpriority=\"high\" width=\"240\" height=\"180\" alt=\"2K Monitor A27Qi 2026 \u00f6vertr\u00e4ffar sin f\u00f6reg\u00e5ngare inom flera omr\u00e5den. (Bildk\u00e4lla: Xiaomi)\"\/><\/a>2K Monitor A27Qi 2026 \u00f6vertr\u00e4ffar sin f\u00f6reg\u00e5ngare inom flera omr\u00e5den. (Bildk\u00e4lla: Xiaomi)<\/p>\n<p>Xiaomi har f\u00f6rhandsvisat en ny kontorsmonitor i v\u00e4ntan p\u00e5 en global lansering. 2K Monitor A27Qi 2026 ers\u00e4tter den budgetv\u00e4nliga 2K Monitor A27Qi och inneh\u00e5ller flera uppgraderingar som h\u00f6gre kontrastf\u00f6rh\u00e5llande, \u00f6verl\u00e4gsen f\u00e4rgprecision och till och med en uppdateringsfrekvens p\u00e5 120 Hz.<\/p>\n<p class=\"bodytext\">Xiaomi har tyst uppdaterat sin 2K Monitor A27Qi efter att ha introducerat en 2025-utg\u00e5va under v\u00e5ren <a href=\"https:\/\/www.amazon.com\/XIAOMI-2K-Monitor-A27Qi-Adjustable\/dp\/B0DS54HLR5?tag=nbcnewsnet-20\" target=\"_blank\" rel=\"sponsored nofollow noopener\" class=\"external-link-new-window\">(curr. $184 p\u00e5 Amazon)<\/a>. F\u00f6r att sammanfatta, den ursprungliga 2K Monitor A27Qi <a href=\"http:\/\/www.notebookcheck.net\/New-Xiaomi-1440p-monitor-with-100Hz-and-budget-friendly-price-now-available.1001992.0.html\" target=\"_self\" class=\"internal-link\" rel=\"nofollow noopener\">n\u00e5dde Europa i april<\/a> med en 27-tums IPS-panel som kombinerade en 1440p-uppl\u00f6sning med en 100 Hz uppdateringsfrekvens. Medan 2K Monitor A27Qi beh\u00e5ller en 1440p-uppl\u00f6sning och 6 ms GtG-svarstider, \u00f6vertr\u00e4ffar den ocks\u00e5 sin f\u00f6reg\u00e5ngare p\u00e5 n\u00e5gra omr\u00e5den.<\/p>\n<p class=\"bodytext\">F\u00f6r det f\u00f6rsta h\u00e4vdar Xiaomi att den nya monitorn \u00e4r \u00e4nnu mer f\u00e4rgprecis \u00e4n \u0394E<\/p>\n<p class=\"bodytext\">2K Monitor A27Qi 2026 toppar dock p\u00e5 bara 300 nits, vilket inneb\u00e4r att HDR-st\u00f6d \u00e4r ute ur f\u00f6nstret. Andra f\u00f6rb\u00e4ttringar inkluderar dock ett 33% h\u00f6gre kontrastf\u00f6rh\u00e5llande p\u00e5 1 300:1 och en 25% snabbare uppdateringsfrekvens f\u00f6r att komplettera en 1440p-uppl\u00f6sning med 120 Hz-bilder. 2K Monitor A27Qi 2026 inneh\u00e5ller \u00e4ven 75 x 75 mm v\u00e4ggf\u00e4sten och ett justerbart stativ, samt DisplayPort 1.4 och HDMI 2.0-portar. \u00c4ven om Xiaomi inte har bekr\u00e4ftat priset \u00e4nnu, kommer 2K Monitor A27Qi 2026 att sl\u00e4ppas \u00f6ver hela v\u00e4rlden med tanke p\u00e5 dess listning p\u00e5 <a href=\"https:\/\/www.mi.com\/global\/product\/xiaomi-2k-monitor-a27qi-2026\/\" target=\"_blank\" class=\"external-link-new-window\" rel=\"nofollow noopener\">f\u00f6retagets globala webbplats<\/a>.<\/p>\n<p>\t<a href=\"https:\/\/www.notebookcheck.se\/fileadmin\/Notebooks\/News\/_nc5\/xiaomi-2026-120-hz-monitor-bottom.jpg\" title=\"(Bildk\u00e4lla: Xiaomi)\" data-caption=\"(Bildk\u00e4lla: Xiaomi)\" target=\"_blank\" rel=\"nofollow noopener\"><img decoding=\"async\" src=\"https:\/\/www.europesays.com\/se\/wp-content\/uploads\/2025\/11\/csm_xiaomi-2026-120-hz-monitor-bottom_15530f0d00.jpg\" width=\"738\" height=\"554\" alt=\"(Bildk\u00e4lla: Xiaomi)\" loading=\"lazy\"\/><\/a>(Bildk\u00e4lla: Xiaomi)<a href=\"\"><img decoding=\"async\" src=\"https:\/\/www.europesays.com\/se\/wp-content\/uploads\/2025\/11\/csm_alex_alderson_photo_98f8faaa46.jpg\" loading=\"lazy\" width=\"120\" height=\"120\" alt=\"Alex Alderson\"\/><\/a><a href=\"\"><img decoding=\"async\" src=\"https:\/\/www.europesays.com\/se\/wp-content\/uploads\/2025\/11\/1763336113_814_csm_ninh_duy_ee54bf9777.jpg\" loading=\"lazy\" width=\"120\" height=\"120\" alt=\"Ninh Duy\"\/><\/a>Translator: <a href=\"\" class=\"j_name\">Ninh Ngoc Duy<\/a> &#8211; Editorial Assistant  &#8211; 660490 articles published on Notebookcheck since 2008<\/p>\n<p>Alex Alderson,\u00a02025-11-21\u00a0(Update:\u00a02025-11-21)<\/p>\n","protected":false},"excerpt":{"rendered":"2K Monitor A27Qi 2026 \u00f6vertr\u00e4ffar sin f\u00f6reg\u00e5ngare inom flera omr\u00e5den. (Bildk\u00e4lla: Xiaomi) Xiaomi har f\u00f6rhandsvisat en ny kontorsmonitor&hellip;\n","protected":false},"author":2,"featured_media":86502,"comment_status":"","ping_status":"","sticky":false,"template":"","format":"standard","meta":{"footnotes":""},"categories":[66],"tags":[9283,9281,7083,7084,7085,80,78,79,34,31,33,32,30,81,84,83,82,7141,9280,9282],"class_list":{"0":"post-86501","1":"post","2":"type-post","3":"status-publish","4":"format-standard","5":"has-post-thumbnail","7":"category-vetenskap-och-teknik","8":"tag-120-hz-bildskarm","9":"tag-2k-monitor-a27qi-2026","10":"tag-barbar-dator","11":"tag-laptop","12":"tag-notebook","13":"tag-science","14":"tag-science-and-technology","15":"tag-scienceandtechnology","16":"tag-se","17":"tag-svenska","18":"tag-sverige","19":"tag-sweden","20":"tag-swedish","21":"tag-technology","22":"tag-teknik","23":"tag-vetenskap","24":"tag-vetenskapteknik","25":"tag-xiaomi","26":"tag-xiaomi-2k-monitor-a27qi","27":"tag-xiaomi-2k-monitor-a27qi-2026"},"share_on_mastodon":{"url":"https:\/\/pubeurope.com\/@se\/115588301314743443","error":""},"_links":{"self":[{"href":"https:\/\/www.europesays.com\/se\/wp-json\/wp\/v2\/posts\/86501","targetHints":{"allow":["GET"]}}],"collection":[{"href":"https:\/\/www.europesays.com\/se\/wp-json\/wp\/v2\/posts"}],"about":[{"href":"https:\/\/www.europesays.com\/se\/wp-json\/wp\/v2\/types\/post"}],"author":[{"embeddable":true,"href":"https:\/\/www.europesays.com\/se\/wp-json\/wp\/v2\/users\/2"}],"replies":[{"embeddable":true,"href":"https:\/\/www.europesays.com\/se\/wp-json\/wp\/v2\/comments?post=86501"}],"version-history":[{"count":0,"href":"https:\/\/www.europesays.com\/se\/wp-json\/wp\/v2\/posts\/86501\/revisions"}],"wp:featuredmedia":[{"embeddable":true,"href":"https:\/\/www.europesays.com\/se\/wp-json\/wp\/v2\/media\/86502"}],"wp:attachment":[{"href":"https:\/\/www.europesays.com\/se\/wp-json\/wp\/v2\/media?parent=86501"}],"wp:term":[{"taxonomy":"category","embeddable":true,"href":"https:\/\/www.europesays.com\/se\/wp-json\/wp\/v2\/categories?post=86501"},{"taxonomy":"post_tag","embeddable":true,"href":"https:\/\/www.europesays.com\/se\/wp-json\/wp\/v2\/tags?post=86501"}],"curies":[{"name":"wp","href":"https:\/\/api.w.org\/{rel}","templated":true}]}}