{"id":86505,"date":"2025-11-21T15:06:13","date_gmt":"2025-11-21T15:06:13","guid":{"rendered":"https:\/\/www.europesays.com\/se\/86505\/"},"modified":"2025-11-21T15:06:13","modified_gmt":"2025-11-21T15:06:13","slug":"expressen-direkt-senaste-nytt-i-korthet-845","status":"publish","type":"post","link":"https:\/\/www.europesays.com\/se\/86505\/","title":{"rendered":"Expressen Direkt \u2013 senaste nytt i korthet"},"content":{"rendered":"<p>Buss har k\u00f6rt in i bro i Malm\u00f6 \u2013 stor trafikp\u00e5verkan<\/p>\n<p><img decoding=\"async\" itemprop=\"image\" src=\"https:\/\/www.europesays.com\/se\/wp-content\/uploads\/2025\/11\/ed99ba21-0391-4bcb-8f15-a5995d32264f.jpeg\" class=\"fr-fic fr-dib\" alt=\"Uppladdad bild\" loading=\"lazy\"\/><\/p>\n<p>Foto: Mikael Nilsson\/SBM<\/p>\n<p>En buss har k\u00f6rt in i en bropelare p\u00e5 Stockholmsv\u00e4gen i Malm\u00f6. R\u00e4ddningstj\u00e4nst, ambulans och polis \u00e4r p\u00e5 plats med en stor insats.<\/p>\n<p id=\"isPasted\">\u2013 En kvinna som \u00e4r passagerare har f\u00f6rts till sjukhus, s\u00e4ger Filip Annas, presstalesperson vid polisen.<\/p>\n<p>Enligt honom \u00e4r \u00e4ven busschauff\u00f6ren skadad och tas om hand av ambulanspersonal.<\/p>\n<p id=\"isPasted\">\u2013 Vi h\u00e5ller fortfarande p\u00e5 att f\u00e5 ut chauff\u00f6ren, skadel\u00e4get \u00e4r oklart, s\u00e4ger \u00a0Rickard Nilsson, ledningsoperat\u00f6r vid r\u00e4ddningstj\u00e4nsten.<\/p>\n<p>Bussbolaget har tagit dit en annan buss som tar de 15 passagerare som var ombord vid olyckan.<\/p>\n<p>\u2013 Ingen av de 15 ska vara kritiskt skadade, n\u00e5gon beh\u00f6ver tittas till av ambulanspersonal, s\u00e4ger Nilsson.<\/p>\n<p>V\u00e4gen \u00e4r avst\u00e4ngd i b\u00e5da riktningarna mellan Hornsgatan och trafikplats Sege, enligt Trafikverket. Stoppet orsakar stora k\u00f6er p\u00e5 platsen som \u00e4r en stor infartsv\u00e4g till centrala Malm\u00f6.<\/p>\n<p>\u2013 Det finns ingen prognos f\u00f6r n\u00e4r vi kan vara klara p\u00e5 platsen, vi v\u00e4ntar p\u00e5 tungb\u00e4rgare. Vi har s\u00e4kert h\u00e4r minst en timme till.<\/p>\n<p><a href=\"https:\/\/www.expressen.se\/nyheter\/sverige\/buss-har-kort-in-i-bro-i-malmo-flera-skadade\" target=\"_top\" rel=\"nofollow noopener\">L\u00e4s mer: Buss har k\u00f6rt in i bropelare i Malm\u00f6<\/a><\/p>\n","protected":false},"excerpt":{"rendered":"Buss har k\u00f6rt in i bro i Malm\u00f6 \u2013 stor trafikp\u00e5verkan Foto: Mikael Nilsson\/SBM En buss har k\u00f6rt&hellip;\n","protected":false},"author":2,"featured_media":39,"comment_status":"","ping_status":"","sticky":false,"template":"","format":"standard","meta":{"footnotes":""},"categories":[12],"tags":[22,23,26,27,35,17,21,24,25,28,29,15,16,18,34,31,33,32,30,19,20],"class_list":{"0":"post-86505","1":"post","2":"type-post","3":"status-publish","4":"format-standard","5":"has-post-thumbnail","7":"category-sverige","8":"tag-breaking-news","9":"tag-breakingnews","10":"tag-featured-news","11":"tag-featurednews","12":"tag-function-ta-bort-ai-rost","13":"tag-headlines","14":"tag-huvudnyheter","15":"tag-latest-news","16":"tag-latestnews","17":"tag-main-news","18":"tag-mainnews","19":"tag-news","20":"tag-nyheter","21":"tag-rubriker","22":"tag-se","23":"tag-svenska","24":"tag-sverige","25":"tag-sweden","26":"tag-swedish","27":"tag-top-stories","28":"tag-topstories"},"share_on_mastodon":{"url":"https:\/\/pubeurope.com\/@se\/115588313122466048","error":""},"_links":{"self":[{"href":"https:\/\/www.europesays.com\/se\/wp-json\/wp\/v2\/posts\/86505","targetHints":{"allow":["GET"]}}],"collection":[{"href":"https:\/\/www.europesays.com\/se\/wp-json\/wp\/v2\/posts"}],"about":[{"href":"https:\/\/www.europesays.com\/se\/wp-json\/wp\/v2\/types\/post"}],"author":[{"embeddable":true,"href":"https:\/\/www.europesays.com\/se\/wp-json\/wp\/v2\/users\/2"}],"replies":[{"embeddable":true,"href":"https:\/\/www.europesays.com\/se\/wp-json\/wp\/v2\/comments?post=86505"}],"version-history":[{"count":0,"href":"https:\/\/www.europesays.com\/se\/wp-json\/wp\/v2\/posts\/86505\/revisions"}],"wp:featuredmedia":[{"embeddable":true,"href":"https:\/\/www.europesays.com\/se\/wp-json\/wp\/v2\/media\/39"}],"wp:attachment":[{"href":"https:\/\/www.europesays.com\/se\/wp-json\/wp\/v2\/media?parent=86505"}],"wp:term":[{"taxonomy":"category","embeddable":true,"href":"https:\/\/www.europesays.com\/se\/wp-json\/wp\/v2\/categories?post=86505"},{"taxonomy":"post_tag","embeddable":true,"href":"https:\/\/www.europesays.com\/se\/wp-json\/wp\/v2\/tags?post=86505"}],"curies":[{"name":"wp","href":"https:\/\/api.w.org\/{rel}","templated":true}]}}