{"id":86506,"date":"2025-11-21T15:07:23","date_gmt":"2025-11-21T15:07:23","guid":{"rendered":"https:\/\/www.europesays.com\/se\/86506\/"},"modified":"2025-11-21T15:07:23","modified_gmt":"2025-11-21T15:07:23","slug":"eu-ger-sverige-baklaxa-om-vargen-och-forening-vill-satta-stopp-for-licensjakten","status":"publish","type":"post","link":"https:\/\/www.europesays.com\/se\/86506\/","title":{"rendered":"EU ger Sverige bakl\u00e4xa om vargen \u2013 och f\u00f6rening vill s\u00e4tta stopp f\u00f6r licensjakten"},"content":{"rendered":"<p class=\"mb-4 mx-auto max-w-xl\"><strong>Sveriges politiska beslut om att ha en vargstam p\u00e5 som l\u00e4gst 170 individer strider mot EU:s p\u00e5 vetenskapligt underbyggd naturv\u00e5rd. Kommissionen kritiserar nu Sveriges beslut och uppmanar till en revidering. <\/strong><\/p>\n<p class=\"mb-4 mx-auto max-w-xl\"><strong>Samtidigt kr\u00e4ver Naturskyddsf\u00f6reningen att licensjakten p\u00e5 varg ska stoppas.<\/strong><\/p>\n<p class=\"break-words mb-4 mx-auto max-w-xl\">Sverige s\u00e4nkte tidigare i \u00e5r det s\u00e5 kallade referensv\u00e4rdet, hur m\u00e5nga vargar som beh\u00f6vs f\u00f6r en gynnsam bevarandestatus, fr\u00e5n 300 till 170 djur. Beslutet har nu f\u00e5tt EU att reagera, rapporterar flera medier. <\/p>\n<p class=\"break-words mb-4 mx-auto max-w-xl\">Kommissionen menar att Sveriges minimigr\u00e4ns p\u00e5 170 vargar \u00e4r ovetenskaplig och riskerar artens livskraft p\u00e5 sikt, rapporterar <a href=\"https:\/\/svenskjakt.se\/start\/nyhet\/eu-ifragasatter-svensk-vargforvaltning\/\" rel=\"nofollow noopener\" target=\"_blank\">Svensk Jakt.<\/a><\/p>\n<p class=\"break-words mb-4 mx-auto max-w-xl\">Kommissionen p\u00e5pekar bland annat att regeringen best\u00e4mde och kommunicerade m\u00e5let 170 utan att Naturv\u00e5rdsverket f\u00f6reslagit det i en vetenskaplig bed\u00f6mning. <\/p>\n<p class=\"break-words mb-4 mx-auto max-w-xl\">Sverige uppmanas d\u00e4rf\u00f6r att s\u00e5 snart som m\u00f6jligt se \u00f6ver och skicka in en reviderad version av rapporten. <\/p>\n<p class=\"break-words mb-4 mx-auto max-w-xl\">I en kommentar till Svensk Jakt skriver regeringskansliets pressavdelning att man nyligen mottagit brevet fr\u00e5n kommissionen. <\/p>\n<p class=\"break-words mb-4 mx-auto max-w-xl\">\u201dDe synpunkter som inkommit bereds nu inom Regeringskansliet. Vi kan inte f\u00f6regripa den processen.\u201d<\/p>\n<p class=\"break-words mb-4 mx-auto max-w-xl\">Efter den skarpa kritiken mot Sverige kr\u00e4ver nu Naturskyddsf\u00f6reningen att licensjakten p\u00e5 varg \u2013 som inleds vid \u00e5rsskiftet \u2013 ska stoppas. Det har bland annat tagits beslut om att sex vargar ska skjutas i Klyftamonreviret som ligger mellan G\u00f6tene och Sk\u00f6vde.<\/p>\n<p class=\"break-words mb-4 mx-auto max-w-xl\">\u2013 Kommissionens skarpa kritik mot regeringen inneb\u00e4r att licensjakten i januari p\u00e5 totalt 48 vargar beh\u00f6ver stoppas. Nu m\u00e5ste nya referensv\u00e4rden tas fram som ger s\u00e4kra, vetenskapliga niv\u00e5er f\u00f6r vargstammen, i st\u00e4llet f\u00f6r de siffror som regeringen beordrat fram fr\u00e5n Naturv\u00e5rdsverket. Vargen \u00e4r fridlyst och klassad som starkt hotad och beh\u00f6ver skyddas fr\u00e5n att f\u00f6rsvinna, s\u00e4ger Beatrice Rindevall, ordf\u00f6rande f\u00f6r Naturskyddsf\u00f6reningen, i ett pressmeddelande.<\/p>\n<p><a class=\"in-article-link mb-4 mx-auto max-w-xl text-gray-900 hover:text-gray-900\/70 dark:text-gray-50 dark:hover:text-gray-50\/70\" href=\"https:\/\/www.nlt.se\/2025\/11\/19\/lansstyrelsen-backar-efter-jagarnas-krav-ingen-gps-sparning-vid-licensjakten-0edca\/\" rel=\"nofollow noopener\" target=\"_blank\">L\u00e4nsstyrelsen backar efter j\u00e4garnas krav \u2013 ingen gps-sp\u00e5rning vid licensjakten<\/a><\/p>\n","protected":false},"excerpt":{"rendered":"Sveriges politiska beslut om att ha en vargstam p\u00e5 som l\u00e4gst 170 individer strider mot EU:s p\u00e5 vetenskapligt&hellip;\n","protected":false},"author":2,"featured_media":86507,"comment_status":"","ping_status":"","sticky":false,"template":"","format":"standard","meta":{"footnotes":""},"categories":[5],"tags":[22,23,26,27,17,21,24,25,28,29,15,16,18,34,31,33,32,30,19,20],"class_list":{"0":"post-86506","1":"post","2":"type-post","3":"status-publish","4":"format-standard","5":"has-post-thumbnail","7":"category-rubriker","8":"tag-breaking-news","9":"tag-breakingnews","10":"tag-featured-news","11":"tag-featurednews","12":"tag-headlines","13":"tag-huvudnyheter","14":"tag-latest-news","15":"tag-latestnews","16":"tag-main-news","17":"tag-mainnews","18":"tag-news","19":"tag-nyheter","20":"tag-rubriker","21":"tag-se","22":"tag-svenska","23":"tag-sverige","24":"tag-sweden","25":"tag-swedish","26":"tag-top-stories","27":"tag-topstories"},"share_on_mastodon":{"url":"https:\/\/pubeurope.com\/@se\/115588316664572435","error":""},"_links":{"self":[{"href":"https:\/\/www.europesays.com\/se\/wp-json\/wp\/v2\/posts\/86506","targetHints":{"allow":["GET"]}}],"collection":[{"href":"https:\/\/www.europesays.com\/se\/wp-json\/wp\/v2\/posts"}],"about":[{"href":"https:\/\/www.europesays.com\/se\/wp-json\/wp\/v2\/types\/post"}],"author":[{"embeddable":true,"href":"https:\/\/www.europesays.com\/se\/wp-json\/wp\/v2\/users\/2"}],"replies":[{"embeddable":true,"href":"https:\/\/www.europesays.com\/se\/wp-json\/wp\/v2\/comments?post=86506"}],"version-history":[{"count":0,"href":"https:\/\/www.europesays.com\/se\/wp-json\/wp\/v2\/posts\/86506\/revisions"}],"wp:featuredmedia":[{"embeddable":true,"href":"https:\/\/www.europesays.com\/se\/wp-json\/wp\/v2\/media\/86507"}],"wp:attachment":[{"href":"https:\/\/www.europesays.com\/se\/wp-json\/wp\/v2\/media?parent=86506"}],"wp:term":[{"taxonomy":"category","embeddable":true,"href":"https:\/\/www.europesays.com\/se\/wp-json\/wp\/v2\/categories?post=86506"},{"taxonomy":"post_tag","embeddable":true,"href":"https:\/\/www.europesays.com\/se\/wp-json\/wp\/v2\/tags?post=86506"}],"curies":[{"name":"wp","href":"https:\/\/api.w.org\/{rel}","templated":true}]}}