{"id":86513,"date":"2025-11-21T15:16:10","date_gmt":"2025-11-21T15:16:10","guid":{"rendered":"https:\/\/www.europesays.com\/se\/86513\/"},"modified":"2025-11-21T15:16:10","modified_gmt":"2025-11-21T15:16:10","slug":"eu-kommissionen-kritiserar-den-svenska-regeringens-vargpolitik-tidningen-djurskyddet","status":"publish","type":"post","link":"https:\/\/www.europesays.com\/se\/86513\/","title":{"rendered":"EU-kommissionen kritiserar den svenska regeringens vargpolitik \u2013 Tidningen Djurskyddet"},"content":{"rendered":"\n<p>\t\t&#13;<\/p>\n<p class=\"byline\">&#13;<br \/>\n\t\tPublicerad den 21 november, 2025   <\/p>\n<p><strong>Den svenska regeringens m\u00e5l att vargstammen ska ner till 170 individer g\u00e5r emot EU:s krav att naturv\u00e5rd ska grundas p\u00e5 vetenskapliga beslut. Det anser EU-kommissionen som kr\u00e4ver en ny rapport av regeringen. <\/strong><\/p>\n<p>N\u00e4r regeringen tidigare i \u00e5r gav beskedet att det skulle r\u00e4cka med 170 vargindivider i Sverige f\u00f6r att uppn\u00e5 gynnsam bevarandestatus, mot tidigare 300 vargar, m\u00f6ttes det av mycket h\u00e5rd kritik fr\u00e5n forskare, naturskydds-, rovdjurs- och djurskyddsorganisationer. Nu s\u00e4llar sig \u00e4ven EU-kommission till kritikerna och godk\u00e4nner inte 170 vargar, utan kr\u00e4ver mer information. Det framg\u00e5r av ett brev fr\u00e5n kommissionen. <\/p>\n<p>Kritiken kan sammanfattas i tv\u00e5 punkter, vilka enligt tidningen Svensk Jakt \u00e4r att \u201dSverige har anv\u00e4nt minimumgr\u00e4nsen som sitt l\u00e5ngsiktiga m\u00e5l f\u00f6r vargen, vilket anses vara ovetenskapligt och riskerar artens livskraft p\u00e5 l\u00e5ng sikt. Naturv\u00e5rdsverkets egen rapport fr\u00e5n 2025 sa att gynnsam bevarandestatus `m\u00e5ste vara st\u00f6rre \u00e4n 170\u00b4. Detta tyder, enligt EU-kommissionen, p\u00e5 att det rapporterade v\u00e4rdet inte \u00e4r fullt vetenskapligt baserat.\u201d skriver Svensk Jakt och forts\u00e4tter:<\/p>\n<p>Den andra punkten \u00e4r att \u201dRegeringen f\u00f6rv\u00e4xlar minimum med m\u00e5l. Sverige har satt samma niv\u00e5 f\u00f6r vargstammen som minimum f\u00f6r stammen. Enligt EU-kommissionen bryter detta mot vetenskaplig praxis\u201d. Enligt kommissionen ska minimum f\u00f6r en population multipliceras med tv\u00e5 eller tre f\u00f6r att f\u00e5 fram m\u00e5let. <\/p>\n<p>Under g\u00e5rdagens fr\u00e5gestund i riksdagen lyfte Rebecka Le Moine (MP) kritiken fr\u00e5n EU-kommissionen. Hon konstaterade att regeringen har satt ett m\u00e5l p\u00e5 170 vargar \u2013 ett antal som saknar vetenskaplig grund utan \u201dgrundar sig p\u00e5 regeringens tyckande\u201d \u2013 och fr\u00e5gade landsbygdsminister Peter Kullgren (KD): <br \/><strong>Vad anser EU-kommissionen om att Sverige v\u00e4ljer den h\u00e4r v\u00e4gen och s\u00e4tter ett l\u00e5gt referensv\u00e4rde som inte har vetenskaplig grund?<\/strong><br \/>\u2013 Vi har f\u00e5tt ett brev, alldeles nyligen, ifr\u00e5n kommissionen d\u00e4r man vill ha mer f\u00f6rklaringar, det h\u00e4r bereds just nu. Men sj\u00e4lvklart kommer vi svara p\u00e5 det brevet. Var det landar exakt, det \u00e5terst\u00e5r att se, svarade Kullgren (KD).<\/p>\n<p><strong>Text<\/strong> Katarina H\u00f6rlin<br \/><strong>Foto<\/strong> iStock<\/p>\n<p>&#13;<\/p>\n<p><strong>S\u00e5 formulerar EU-kommissionen sin kritik<\/strong><\/p>\n<p>Ur brevet:<br \/>\u201dSveriges artikel 17-rapport 2025 uppger att en gynnsam bevarandestatus f\u00f6r vargar i Sverige \u00e4r 170 individer. Detta \u00e4r betydligt l\u00e4gre \u00e4n det tidigare rapporterade talet f\u00f6r vargpopulationen 2019, som d\u00e5 var 300 individer, samt den nuvarande uppskattade vargpopulationen (355 individer) som rapporterats av Naturv\u00e5rdsverket. Ett pressmeddelande fr\u00e5n Landsbygdsdepartementet anger ocks\u00e5 att regeringen avser att minska vargpopulationen till n\u00e4ra 170 individer och har gett Naturv\u00e5rdsverket i uppdrag att rapportera gynnsam bevarandestatus till 170.<\/p>\n<p>Mot bakgrund av ovanst\u00e5ende och efter noggrann genomg\u00e5ng av den rapport ni har l\u00e4mnat in, samt de svenska myndigheternas f\u00f6rberedande arbete inf\u00f6r rapporteringen om vargens gynnsamma bevarandestatus, v\u00e4cker det rapporterade antalet tv\u00e5 huvudsakliga fr\u00e5gor:<\/p>\n<p>F\u00f6r det f\u00f6rsta fastst\u00e4lldes Sveriges m\u00e5l att rapportera en gynnsam bevarandestatus p\u00e5 170 vargar, och kommunicerades till allm\u00e4nheten och till Naturv\u00e5rdsverket, utan en vetenskaplig bed\u00f6mning fr\u00e5n Naturv\u00e5rdsverket och innan Naturv\u00e5rdsverket slutf\u00f6rt sitt arbete om de villkor som beh\u00f6vs f\u00f6r att uppn\u00e5 en gynnsam bevarandestatus p\u00e5 170 vargar. F\u00f6r att st\u00f6dja sitt beslut \u00e5beropade regeringen Naturv\u00e5rdsverkets rapporter fr\u00e5n 2024 och 2025. Det b\u00f6r noteras att b\u00e5da rapporterna anger att Naturv\u00e5rdsverkets uppdrag \u201dinte omfattade att utveckla eller f\u00f6resl\u00e5 n\u00e5gon ny bevarandestatus\u201d, och 2025 \u00e5rs rapport anger att beh\u00f6ver vara st\u00f6rre \u00e4n 170\u201d. Det verkar d\u00e4rf\u00f6r som att Sveriges rapporterade kanske inte \u00e4r helt vetenskapligt baserad.<\/p>\n<p>F\u00f6r det andra verkar den rapporterade populationsstorleken p\u00e5 170 vargar inte st\u00f6das av vetenskapliga bevis i enlighet med habitatdirektivet och den tillh\u00f6rande v\u00e4gledningen. S\u00e4rskilt verkar den rapporterade populationsstorleken p\u00e5 170 vargar vara en uppskattning av antalet vargar f\u00f6r att uppn\u00e5 minsta livskraftiga stam, medan ett vetenskaplig grundad gynnsam bevarandestatus, per definition, b\u00f6r vara h\u00f6gre \u00e4n v\u00e4rdet f\u00f6r minsta livskraftiga stam.<br \/>( \u2013 \u2014 )<br \/>Dessa allvarliga farh\u00e5gor tyder p\u00e5 att Sveriges artikel 17-rapport, vad g\u00e4ller vargar, inte \u00f6verensst\u00e4mmer med kraven i habitatdirektivet.\u201d<\/p>\n<p>K\u00e4lla: EU-kommissionens brev Reporting on the conservation status of the wolf under Article 17 of the Habitats Directive daterat 11 november 2025 till Klimat- och n\u00e4ringslivsdepartementet.<\/p>\n<p>\u00a0<\/p>\n<p>L\u00e4s mer om kritiken mot regeringens vargpolitik <\/p>\n","protected":false},"excerpt":{"rendered":"&#13; &#13; Publicerad den 21 november, 2025 Den svenska regeringens m\u00e5l att vargstammen ska ner till 170 individer&hellip;\n","protected":false},"author":2,"featured_media":86514,"comment_status":"","ping_status":"","sticky":false,"template":"","format":"standard","meta":{"footnotes":""},"categories":[5],"tags":[22,23,26,27,17,21,24,25,28,29,15,16,18,34,31,33,32,30,19,20],"class_list":{"0":"post-86513","1":"post","2":"type-post","3":"status-publish","4":"format-standard","5":"has-post-thumbnail","7":"category-rubriker","8":"tag-breaking-news","9":"tag-breakingnews","10":"tag-featured-news","11":"tag-featurednews","12":"tag-headlines","13":"tag-huvudnyheter","14":"tag-latest-news","15":"tag-latestnews","16":"tag-main-news","17":"tag-mainnews","18":"tag-news","19":"tag-nyheter","20":"tag-rubriker","21":"tag-se","22":"tag-svenska","23":"tag-sverige","24":"tag-sweden","25":"tag-swedish","26":"tag-top-stories","27":"tag-topstories"},"share_on_mastodon":{"url":"https:\/\/pubeurope.com\/@se\/115588352116356300","error":""},"_links":{"self":[{"href":"https:\/\/www.europesays.com\/se\/wp-json\/wp\/v2\/posts\/86513","targetHints":{"allow":["GET"]}}],"collection":[{"href":"https:\/\/www.europesays.com\/se\/wp-json\/wp\/v2\/posts"}],"about":[{"href":"https:\/\/www.europesays.com\/se\/wp-json\/wp\/v2\/types\/post"}],"author":[{"embeddable":true,"href":"https:\/\/www.europesays.com\/se\/wp-json\/wp\/v2\/users\/2"}],"replies":[{"embeddable":true,"href":"https:\/\/www.europesays.com\/se\/wp-json\/wp\/v2\/comments?post=86513"}],"version-history":[{"count":0,"href":"https:\/\/www.europesays.com\/se\/wp-json\/wp\/v2\/posts\/86513\/revisions"}],"wp:featuredmedia":[{"embeddable":true,"href":"https:\/\/www.europesays.com\/se\/wp-json\/wp\/v2\/media\/86514"}],"wp:attachment":[{"href":"https:\/\/www.europesays.com\/se\/wp-json\/wp\/v2\/media?parent=86513"}],"wp:term":[{"taxonomy":"category","embeddable":true,"href":"https:\/\/www.europesays.com\/se\/wp-json\/wp\/v2\/categories?post=86513"},{"taxonomy":"post_tag","embeddable":true,"href":"https:\/\/www.europesays.com\/se\/wp-json\/wp\/v2\/tags?post=86513"}],"curies":[{"name":"wp","href":"https:\/\/api.w.org\/{rel}","templated":true}]}}