{"id":86517,"date":"2025-11-21T15:20:15","date_gmt":"2025-11-21T15:20:15","guid":{"rendered":"https:\/\/www.europesays.com\/se\/86517\/"},"modified":"2025-11-21T15:20:15","modified_gmt":"2025-11-21T15:20:15","slug":"anker-lanserar-kompakt-laddare-med-display-i-fler-lander","status":"publish","type":"post","link":"https:\/\/www.europesays.com\/se\/86517\/","title":{"rendered":"Anker lanserar kompakt laddare med display i fler l\u00e4nder"},"content":{"rendered":"<p class=\"bodytext\">Anker har sl\u00e4ppt en <a href=\"https:\/\/www.amazon.it\/dp\/B0FG77P8RR\/ref=ast_sto_dp_puis?th=1\" target=\"_blank\" class=\"external-link-new-window\" rel=\"nofollow noopener\">EU-version av laddaren (100W, 3 portar, smart display)<\/a>. Detta laddningstillbeh\u00f6r \u00e4r redan tillg\u00e4ngligt p\u00e5 andra marknader som <a href=\"http:\/\/www.notebookcheck.net\/Anker-launches-new-3-port-100W-charger-with-digital-display.1133601.0.html\" target=\"_self\" class=\"internal-link\" rel=\"nofollow noopener\">uSA<\/a> och <a href=\"http:\/\/www.notebookcheck.net\/Compact-Anker-100W-charger-with-display-now-available-in-UK.1162649.0.html\" target=\"_self\" class=\"internal-link\" rel=\"nofollow noopener\">storbritannien<\/a>och har <a href=\"http:\/\/www.notebookcheck.net\/New-Anker-Smart-Display-Charger-Lite-arrives-as-more-compact-accessory.1019424.0.html\" target=\"_self\" class=\"internal-link\" rel=\"nofollow noopener\">lanserades i Kina<\/a> tidigare i \u00e5r.<br \/>&#13;<\/p>\n<p class=\"bodytext\">Du kan nu k\u00f6pa Anker Charger (100W, 3 Ports, Smart Display) p\u00e5 Amazon i l\u00e4nder som <a href=\"https:\/\/www.amazon.it\/dp\/B0FG77P8RR\/ref=ast_sto_dp_puis?th=1\" target=\"_blank\" class=\"external-link-new-window\" rel=\"nofollow noopener\">Italien<\/a> f\u00f6r 49,99 euro. Den finns ocks\u00e5 tillg\u00e4nglig i <a href=\"https:\/\/www.amazon.de\/A121B-Anker-Charger-100-W-silver\/dp\/B0FG77P8RR\/ref=ast_sto_dp_puis?th=1&amp;tag=notebookcheck-news-de-21\" target=\"_blank\" rel=\"sponsored nofollow noopener\" class=\"external-link-new-window\">Tyskland<\/a>, men till det h\u00f6gre priset av \u20ac69,99; det \u00e4r oklart varf\u00f6r priserna f\u00f6r dessa tv\u00e5 marknader skiljer sig s\u00e5 mycket. <br \/>&#13;<\/p>\n<p class=\"bodytext\">Anker Charger (100W, 3 Ports, Smart Display) har tv\u00e5 USB-C-portar p\u00e5 upp till 100W och en USB-A-port p\u00e5 upp till 33W. N\u00e4r du laddar flera enheter samtidigt f\u00f6rdelas str\u00f6mmen p\u00e5 olika s\u00e4tt. Om du laddar tv\u00e5 prylar kan den delas upp 95W:5W eller 70W:30W, beroende p\u00e5 vad du laddar. N\u00e4r alla tre portarna anv\u00e4nds delas effekten 80W:12W:7,5W.<br \/>&#13;<\/p>\n<p class=\"bodytext\">P\u00e5 den andra sidan av enheten finns en digital display. H\u00e4r kan anv\u00e4ndare se laddningsstatus samt enhetens temperatur. Det finns sex olika layouter att v\u00e4lja mellan och sk\u00e4rmen st\u00e4ngs av automatiskt efter en minut. Detta kompakta tillbeh\u00f6r m\u00e4ter 69 x 55 x 34 mm (~ 2,72 \u00d7 2,17 \u00d7 1,34 tum), med vikbara stift som g\u00f6r det \u00e4nnu enklare att transportera. Det \u00e5terst\u00e5r att se n\u00e4r Anker Charger (100W, 3 Ports, Smart Display) kommer att n\u00e5 andra EU-l\u00e4nder som Nederl\u00e4nderna, Frankrike och Spanien. <\/p>\n","protected":false},"excerpt":{"rendered":"Anker har sl\u00e4ppt en EU-version av laddaren (100W, 3 portar, smart display). Detta laddningstillbeh\u00f6r \u00e4r redan tillg\u00e4ngligt p\u00e5&hellip;\n","protected":false},"author":2,"featured_media":86518,"comment_status":"","ping_status":"","sticky":false,"template":"","format":"standard","meta":{"footnotes":""},"categories":[66],"tags":[9291,9289,8524,9295,9294,9290,9296,9297,7083,9293,7084,7085,80,78,79,34,9292,31,33,32,30,81,84,83,82],"class_list":{"0":"post-86517","1":"post","2":"type-post","3":"status-publish","4":"format-standard","5":"has-post-thumbnail","7":"category-vetenskap-och-teknik","8":"tag-3-portar","9":"tag-a121b","10":"tag-anker","11":"tag-anker-100w-laddare","12":"tag-anker-laddare","13":"tag-anker-laddare-100w","14":"tag-anker-smart-display-laddare","15":"tag-b121b","16":"tag-barbar-dator","17":"tag-laddare-100w","18":"tag-laptop","19":"tag-notebook","20":"tag-science","21":"tag-science-and-technology","22":"tag-scienceandtechnology","23":"tag-se","24":"tag-smart-display","25":"tag-svenska","26":"tag-sverige","27":"tag-sweden","28":"tag-swedish","29":"tag-technology","30":"tag-teknik","31":"tag-vetenskap","32":"tag-vetenskapteknik"},"share_on_mastodon":{"url":"https:\/\/pubeurope.com\/@se\/115588367934345872","error":""},"_links":{"self":[{"href":"https:\/\/www.europesays.com\/se\/wp-json\/wp\/v2\/posts\/86517","targetHints":{"allow":["GET"]}}],"collection":[{"href":"https:\/\/www.europesays.com\/se\/wp-json\/wp\/v2\/posts"}],"about":[{"href":"https:\/\/www.europesays.com\/se\/wp-json\/wp\/v2\/types\/post"}],"author":[{"embeddable":true,"href":"https:\/\/www.europesays.com\/se\/wp-json\/wp\/v2\/users\/2"}],"replies":[{"embeddable":true,"href":"https:\/\/www.europesays.com\/se\/wp-json\/wp\/v2\/comments?post=86517"}],"version-history":[{"count":0,"href":"https:\/\/www.europesays.com\/se\/wp-json\/wp\/v2\/posts\/86517\/revisions"}],"wp:featuredmedia":[{"embeddable":true,"href":"https:\/\/www.europesays.com\/se\/wp-json\/wp\/v2\/media\/86518"}],"wp:attachment":[{"href":"https:\/\/www.europesays.com\/se\/wp-json\/wp\/v2\/media?parent=86517"}],"wp:term":[{"taxonomy":"category","embeddable":true,"href":"https:\/\/www.europesays.com\/se\/wp-json\/wp\/v2\/categories?post=86517"},{"taxonomy":"post_tag","embeddable":true,"href":"https:\/\/www.europesays.com\/se\/wp-json\/wp\/v2\/tags?post=86517"}],"curies":[{"name":"wp","href":"https:\/\/api.w.org\/{rel}","templated":true}]}}