{"id":86519,"date":"2025-11-21T15:21:11","date_gmt":"2025-11-21T15:21:11","guid":{"rendered":"https:\/\/www.europesays.com\/se\/86519\/"},"modified":"2025-11-21T15:21:11","modified_gmt":"2025-11-21T15:21:11","slug":"affarsvarlden-bedomer-att-norion-banks-bud-pa-consensus-gar-igenom","status":"publish","type":"post","link":"https:\/\/www.europesays.com\/se\/86519\/","title":{"rendered":"Aff\u00e4rsv\u00e4rlden bed\u00f6mer att Norion Banks bud p\u00e5 Consensus g\u00e5r igenom"},"content":{"rendered":"<p>&#13;<br \/>\n                        Norion Bank lade tidigare i dag ett bud p\u00e5 Consensus p\u00e5 22,50 kronor per aktie, motsvarande ett v\u00e4rde p\u00e5 171 miljoner kronor. Budpremien mot senaste betalkursen f\u00f6re budet \u00e4r 116 procent. <\/p>\n<p>&#8221;Fr\u00e5n Consensus aktie\u00e4gares perspektiv b\u00f6r budet vara okontroversiellt. Premien \u00e4r h\u00f6g och bolaget har under m\u00e5nga \u00e5r haft problem med s\u00e5v\u00e4l l\u00f6nsamheten som aktiekursen. Aktien var innan budet ned \u00f6ver 80 procent de senaste fem \u00e5ren. Vi har sv\u00e5rt att se ett scenario d\u00e4r Consensus inte f\u00e5r in tillr\u00e4ckligt st\u00f6d f\u00f6r att budet ska g\u00e5 igenom. I skrivande stund finns det en rabatt p\u00e5 cirka 5 procent mot budkursen&#8221;, skriver Aff\u00e4rsv\u00e4rlden. <\/p>\n<p>Tidningen konstaterar att fr\u00e5n Norions perspektiv \u00e4r logiken mindre sj\u00e4lvklar. Aktien har g\u00e5tt ned 4,5 procent under dagen.&#13;\n                    <\/p>\n","protected":false},"excerpt":{"rendered":"&#13; Norion Bank lade tidigare i dag ett bud p\u00e5 Consensus p\u00e5 22,50 kronor per aktie, motsvarande ett&hellip;\n","protected":false},"author":2,"featured_media":77081,"comment_status":"","ping_status":"","sticky":false,"template":"","format":"standard","meta":{"footnotes":""},"categories":[65],"tags":[72,70,71,454,453,451,452,34,31,33,32,30,455],"class_list":{"0":"post-86519","1":"post","2":"type-post","3":"status-publish","4":"format-standard","5":"has-post-thumbnail","7":"category-ekonomi","8":"tag-business","9":"tag-economy","10":"tag-ekonomi","11":"tag-ekonomisk-analys","12":"tag-finans","13":"tag-finansiella-nyheter","14":"tag-investera","15":"tag-se","16":"tag-svenska","17":"tag-sverige","18":"tag-sweden","19":"tag-swedish","20":"tag-trading"},"share_on_mastodon":{"url":"https:\/\/pubeurope.com\/@se\/115588371746243392","error":""},"_links":{"self":[{"href":"https:\/\/www.europesays.com\/se\/wp-json\/wp\/v2\/posts\/86519","targetHints":{"allow":["GET"]}}],"collection":[{"href":"https:\/\/www.europesays.com\/se\/wp-json\/wp\/v2\/posts"}],"about":[{"href":"https:\/\/www.europesays.com\/se\/wp-json\/wp\/v2\/types\/post"}],"author":[{"embeddable":true,"href":"https:\/\/www.europesays.com\/se\/wp-json\/wp\/v2\/users\/2"}],"replies":[{"embeddable":true,"href":"https:\/\/www.europesays.com\/se\/wp-json\/wp\/v2\/comments?post=86519"}],"version-history":[{"count":0,"href":"https:\/\/www.europesays.com\/se\/wp-json\/wp\/v2\/posts\/86519\/revisions"}],"wp:featuredmedia":[{"embeddable":true,"href":"https:\/\/www.europesays.com\/se\/wp-json\/wp\/v2\/media\/77081"}],"wp:attachment":[{"href":"https:\/\/www.europesays.com\/se\/wp-json\/wp\/v2\/media?parent=86519"}],"wp:term":[{"taxonomy":"category","embeddable":true,"href":"https:\/\/www.europesays.com\/se\/wp-json\/wp\/v2\/categories?post=86519"},{"taxonomy":"post_tag","embeddable":true,"href":"https:\/\/www.europesays.com\/se\/wp-json\/wp\/v2\/tags?post=86519"}],"curies":[{"name":"wp","href":"https:\/\/api.w.org\/{rel}","templated":true}]}}