{"id":86520,"date":"2025-11-21T15:24:13","date_gmt":"2025-11-21T15:24:13","guid":{"rendered":"https:\/\/www.europesays.com\/se\/86520\/"},"modified":"2025-11-21T15:24:13","modified_gmt":"2025-11-21T15:24:13","slug":"tidigare-v-topp-atalas-forskingrade-pengar","status":"publish","type":"post","link":"https:\/\/www.europesays.com\/se\/86520\/","title":{"rendered":"Tidigare V-topp \u00e5talas \u2013 f\u00f6rskingrade pengar"},"content":{"rendered":"<p>F\u00f6runders\u00f6kningen inleddes efter G\u00f6teborgs-Postens avsl\u00f6jande att tre politiker i Alings\u00e5s \u2013 en moderat, en socialdemokrat och en tidigare V-politiker \u2013 haft en hemlig chattgrupp. I gruppen, som kallades \u201dGing\u00e4nget\u201d, gjorde de upp bakom kulisserna i olika fr\u00e5gor och talade illa om politiker och tj\u00e4nstem\u00e4n i Alings\u00e5s.<\/p>\n<p>V-toppen \u00e5talas nu f\u00f6r elva fall av f\u00f6rskingring f\u00f6r sammanlagt runt 16\u00a0000 kronor och 36 fall av trol\u00f6shet mot huvudman.<\/p>\n<p>\u2013 Det handlar om falska returer d\u00e4r det g\u00f6rs \u00e5terk\u00f6p i kassan och d\u00e4r pengarna sedan f\u00f6rs in p\u00e5 det egna kontot, s\u00e4ger \u00e5klagaren Andreas Ekengren till <a href=\"https:\/\/www.alingsastidning.se\/nyheter\/alingsas\/tidigare-v-toppen-atalas-for-ekonomisk-brottslighet.3f065f6b-c17c-43e1-b8a5-d724ccd9d82b\" rel=\"nofollow noopener\" target=\"_blank\">Alings\u00e5s Tidning<\/a>.<\/p>\n<p>\u2013 P\u00e5 f\u00f6retaget fattar man misstankar att allt inte st\u00e4mmer och de g\u00f6r en egen utredning. De konfronterar den anst\u00e4llde som d\u00e5 erk\u00e4nner, och blir av med jobbet, s\u00e4ger Andreas Ekengren.<\/p>\n<p>V-toppen \u00e4r samtidigt sk\u00e4ligen misst\u00e4nkt, den l\u00e4gre misstankegraden, f\u00f6r mordbrand i en separat utredning som handlar om en brand som utbr\u00f6t i april i V\u00e4nsterpartiets lokal i Alings\u00e5s.<\/p>\n","protected":false},"excerpt":{"rendered":"F\u00f6runders\u00f6kningen inleddes efter G\u00f6teborgs-Postens avsl\u00f6jande att tre politiker i Alings\u00e5s \u2013 en moderat, en socialdemokrat och en tidigare&hellip;\n","protected":false},"author":2,"featured_media":86521,"comment_status":"","ping_status":"","sticky":false,"template":"","format":"standard","meta":{"footnotes":""},"categories":[5],"tags":[22,23,26,27,17,21,24,25,28,29,15,16,18,34,31,33,32,30,19,20],"class_list":{"0":"post-86520","1":"post","2":"type-post","3":"status-publish","4":"format-standard","5":"has-post-thumbnail","7":"category-rubriker","8":"tag-breaking-news","9":"tag-breakingnews","10":"tag-featured-news","11":"tag-featurednews","12":"tag-headlines","13":"tag-huvudnyheter","14":"tag-latest-news","15":"tag-latestnews","16":"tag-main-news","17":"tag-mainnews","18":"tag-news","19":"tag-nyheter","20":"tag-rubriker","21":"tag-se","22":"tag-svenska","23":"tag-sverige","24":"tag-sweden","25":"tag-swedish","26":"tag-top-stories","27":"tag-topstories"},"share_on_mastodon":{"url":"https:\/\/pubeurope.com\/@se\/115588383653051905","error":""},"_links":{"self":[{"href":"https:\/\/www.europesays.com\/se\/wp-json\/wp\/v2\/posts\/86520","targetHints":{"allow":["GET"]}}],"collection":[{"href":"https:\/\/www.europesays.com\/se\/wp-json\/wp\/v2\/posts"}],"about":[{"href":"https:\/\/www.europesays.com\/se\/wp-json\/wp\/v2\/types\/post"}],"author":[{"embeddable":true,"href":"https:\/\/www.europesays.com\/se\/wp-json\/wp\/v2\/users\/2"}],"replies":[{"embeddable":true,"href":"https:\/\/www.europesays.com\/se\/wp-json\/wp\/v2\/comments?post=86520"}],"version-history":[{"count":0,"href":"https:\/\/www.europesays.com\/se\/wp-json\/wp\/v2\/posts\/86520\/revisions"}],"wp:featuredmedia":[{"embeddable":true,"href":"https:\/\/www.europesays.com\/se\/wp-json\/wp\/v2\/media\/86521"}],"wp:attachment":[{"href":"https:\/\/www.europesays.com\/se\/wp-json\/wp\/v2\/media?parent=86520"}],"wp:term":[{"taxonomy":"category","embeddable":true,"href":"https:\/\/www.europesays.com\/se\/wp-json\/wp\/v2\/categories?post=86520"},{"taxonomy":"post_tag","embeddable":true,"href":"https:\/\/www.europesays.com\/se\/wp-json\/wp\/v2\/tags?post=86520"}],"curies":[{"name":"wp","href":"https:\/\/api.w.org\/{rel}","templated":true}]}}