{"id":86522,"date":"2025-11-21T15:25:09","date_gmt":"2025-11-21T15:25:09","guid":{"rendered":"https:\/\/www.europesays.com\/se\/86522\/"},"modified":"2025-11-21T15:25:09","modified_gmt":"2025-11-21T15:25:09","slug":"farliga-mpox-varianten-sprids-i-europa","status":"publish","type":"post","link":"https:\/\/www.europesays.com\/se\/86522\/","title":{"rendered":"Farliga mpox-varianten sprids i Europa"},"content":{"rendered":"<p class=\"sc-c25743f0-0 sc-e37c0145-2 hObFds DQgPn\">Flera fall av den mer smittsamma och d\u00f6dliga mpox-varianten klad 1b har uppt\u00e4ckts i flera europeiska l\u00e4nder under h\u00f6sten. EU:s smittskyddsmyndighet ECDC varnade i slutet av oktober f\u00f6r spridningen, som bland annat konstaterats i Spanien, Italien och Portugal.<\/p>\n<p class=\"sc-c25743f0-0 sc-e37c0145-2 hObFds DQgPn\">Folkh\u00e4lsomyndigheten i Sverige f\u00f6ljer utvecklingen noga.  <\/p>\n<p class=\"sc-c25743f0-0 sc-e37c0145-2 hObFds DQgPn\">\u2013 Smittspridningen av mpox f\u00f6ljs noga p\u00e5 flera plan, s\u00e4ger Klara Sond\u00e9n, bitr\u00e4dande statsepidemiolog till TV4 Nyheterna. <\/p>\n<p class=\"sc-c25743f0-0 sc-e37c0145-2 hObFds DQgPn\">\u2013 Det h\u00e4r \u00e4r n\u00e5gonting som vi vill h\u00e5lla noga koll p\u00e5 och i b\u00f6rjan av ett f\u00f6rlopp s\u00e5 \u00e4r man alltid lite extra p\u00e5 t\u00e5rna med \u00f6vervakningen, omv\u00e4rldsbevakningen och sj\u00e4lvklart \u00e4r vi beredda ocks\u00e5 med \u00e5tg\u00e4rder om det skulle beh\u00f6vas, forts\u00e4tter hon.<\/p>\n<p>Risk f\u00f6r spridning: \u201dF\u00e5tt f\u00e4ste\u201d<\/p>\n<p class=\"sc-c25743f0-0 sc-e37c0145-2 hObFds DQgPn\">F\u00f6rra h\u00f6sten utropade V\u00e4rldsh\u00e4lsoorganisationen WHO internationellt h\u00e4lson\u00f6dl\u00e4ge efter ett utbrott av mpox i Afrika. D\u00e5 uppt\u00e4cktes \u00e4ven ett fall av klad 1 i Sverige. Nu har dock varianten dykt upp i flera europeiska l\u00e4nder utan koppling till resor till Afrika, vilket g\u00f6r att risken f\u00f6r spridning i Sverige bed\u00f6ms som m\u00f6jlig, f\u00f6rklarar Klara Sond\u00e9n.<\/p>\n<p class=\"sc-c25743f0-0 sc-e37c0145-2 hObFds DQgPn\">\u2013 Det verkar dyka upp enstaka fall p\u00e5 olika orter runt om i Europa med klad 1b-mpox, utan koppling sinsemellan, vilket ser ut att vara tecken p\u00e5 att den h\u00e4r varianten ocks\u00e5 har f\u00e5tt f\u00e4ste i v\u00e5r del av v\u00e4rlden, s\u00e4ger Klara Sond\u00e9n.<\/p>\n<p class=\"sc-c25743f0-0 sc-e37c0145-2 hObFds DQgPn\">\u2013 Det \u00e4r ett tecken p\u00e5 att den sprider sig, att den \u00e4r spridningsben\u00e4gen i sexuella n\u00e4tverk och det \u00e4r mycket m\u00f6jligt att man skulle kunna f\u00e5 en spridning av klad 1b i Sverige ocks\u00e5. <\/p>\n<p><img decoding=\"async\" loading=\"lazy\" src=\"https:\/\/www.europesays.com\/se\/wp-content\/uploads\/2025\/11\/1763738709_850_\" class=\"sc-73b4da02-4 hiJhTJ\"\/><\/p>\n<p class=\"sc-c25743f0-0 gMtMnA\">Klara Sond\u00e9n, bitr\u00e4dande statsepidemiolog p\u00e5 FHM<\/p>\n<p><img decoding=\"async\" itemprop=\"contentUrl\" loading=\"lazy\" src=\"https:\/\/www.europesays.com\/se\/wp-content\/uploads\/2025\/11\/1763738709_850_\" alt=\"\" class=\"sc-6521091-0 bNsjRS\"\/>Klara Sond\u00e9n, bitr\u00e4dande statsepidemiolog p\u00e5 FHM<\/p>\n<p class=\"sc-c25743f0-0 sc-4a1f9703-0 GnxaU hgdzHk\">Foto: FHM<\/p>\n<p>Vaccin till riskgrupper<\/p>\n<p class=\"sc-c25743f0-0 sc-e37c0145-2 hObFds DQgPn\">Det finns ett godk\u00e4nt vaccin mot mpox, och Folkh\u00e4lsomyndigheten rekommenderar vaccination till riskgrupper. Sverige g\u00e5r nu in i ett EU-gemensamt upphandlingsavtal f\u00f6r att s\u00e4kra tillg\u00e5ngen p\u00e5 mpox-vaccin.<\/p>\n<p class=\"sc-c25743f0-0 sc-e37c0145-2 hObFds DQgPn\">\u2013 Det \u00e4r en \u00e5tg\u00e4rd f\u00f6r att s\u00e4kra tillg\u00e5ngen p\u00e5 det h\u00e4r vaccinet. Alla som beh\u00f6ver mpox-vaccin har idag m\u00f6jlighet att f\u00e5 det, men nu s\u00e4krar man tillg\u00e5ngen med det h\u00e4r strukturerade f\u00f6rfarandet, s\u00e4ger Klara Sond\u00e9n.<\/p>\n<p class=\"sc-c25743f0-0 sc-e37c0145-2 hObFds DQgPn\">\u2013 Vi har rekommenderat vaccination mot mpox sedan 2022, och det har givits till ungef\u00e4r 4000 individer. Mpox verkar vara h\u00e4r f\u00f6r att stanna och det \u00e4r d\u00e4rf\u00f6r viktigt att forts\u00e4tta med vaccinationer. Det kan \u00e4ven bli aktuellt med en p\u00e5fyllnadsdos l\u00e4ngre fram, n\u00e5got som vi \u00e4n s\u00e5 l\u00e4nge bara kan g\u00f6ra som forskning inom ramen f\u00f6r en klinisk pr\u00f6vning.<\/p>\n<p class=\"sc-c25743f0-0 sc-e37c0145-2 hObFds DQgPn\">Vaccinet ges fr\u00e4mst till m\u00e4n som har sex med m\u00e4n inom sexuella n\u00e4tverk med h\u00f6gre risk, till personer som ska resa och bed\u00f6ms bli h\u00f6gexponerade, samt till laboratoriepersonal som arbetar med viruset.  <\/p>\n<p>S\u00e5 sprids sjukdomen<\/p>\n<p class=\"sc-c25743f0-0 sc-e37c0145-2 hObFds DQgPn\">Det finns ett godk\u00e4nt vaccin mot mpox och Folkh\u00e4lsomyndigheten rekommenderar vaccination till riskgrupper. Sverige deltar nu i ett EU-gemensamt upphandlingsavtal f\u00f6r att s\u00e4kra tillg\u00e5ngen p\u00e5 vaccin. <\/p>\n<p class=\"sc-c25743f0-0 sc-e37c0145-2 hObFds DQgPn\">Mpox \u00e4r en anm\u00e4lningspliktig sjukdom och alla diagnostiserade fall rapporteras till myndigheterna. Viruset sprids framf\u00f6r allt genom sexuella kontakter eller genom fysisk kontakt med en smittad person. Vanliga symtom \u00e4r bl\u00e5sor och s\u00e5r p\u00e5 kroppen eller i ansiktet, feber och svullna lymfk\u00f6rtlar. Sjukdomen l\u00e4ker oftast ut av sig sj\u00e4lv inom n\u00e5gra veckor, men vissa kan bli allvarligt sjuka.<\/p>\n","protected":false},"excerpt":{"rendered":"Flera fall av den mer smittsamma och d\u00f6dliga mpox-varianten klad 1b har uppt\u00e4ckts i flera europeiska l\u00e4nder under&hellip;\n","protected":false},"author":2,"featured_media":86523,"comment_status":"","ping_status":"","sticky":false,"template":"","format":"standard","meta":{"footnotes":""},"categories":[69],"tags":[113,112,34,31,33,32,30],"class_list":{"0":"post-86522","1":"post","2":"type-post","3":"status-publish","4":"format-standard","5":"has-post-thumbnail","7":"category-halsa","8":"tag-halsa","9":"tag-health","10":"tag-se","11":"tag-svenska","12":"tag-sverige","13":"tag-sweden","14":"tag-swedish"},"share_on_mastodon":{"url":"https:\/\/pubeurope.com\/@se\/115588387619145200","error":""},"_links":{"self":[{"href":"https:\/\/www.europesays.com\/se\/wp-json\/wp\/v2\/posts\/86522","targetHints":{"allow":["GET"]}}],"collection":[{"href":"https:\/\/www.europesays.com\/se\/wp-json\/wp\/v2\/posts"}],"about":[{"href":"https:\/\/www.europesays.com\/se\/wp-json\/wp\/v2\/types\/post"}],"author":[{"embeddable":true,"href":"https:\/\/www.europesays.com\/se\/wp-json\/wp\/v2\/users\/2"}],"replies":[{"embeddable":true,"href":"https:\/\/www.europesays.com\/se\/wp-json\/wp\/v2\/comments?post=86522"}],"version-history":[{"count":0,"href":"https:\/\/www.europesays.com\/se\/wp-json\/wp\/v2\/posts\/86522\/revisions"}],"wp:featuredmedia":[{"embeddable":true,"href":"https:\/\/www.europesays.com\/se\/wp-json\/wp\/v2\/media\/86523"}],"wp:attachment":[{"href":"https:\/\/www.europesays.com\/se\/wp-json\/wp\/v2\/media?parent=86522"}],"wp:term":[{"taxonomy":"category","embeddable":true,"href":"https:\/\/www.europesays.com\/se\/wp-json\/wp\/v2\/categories?post=86522"},{"taxonomy":"post_tag","embeddable":true,"href":"https:\/\/www.europesays.com\/se\/wp-json\/wp\/v2\/tags?post=86522"}],"curies":[{"name":"wp","href":"https:\/\/api.w.org\/{rel}","templated":true}]}}