{"id":86528,"date":"2025-11-21T15:33:21","date_gmt":"2025-11-21T15:33:21","guid":{"rendered":"https:\/\/www.europesays.com\/se\/86528\/"},"modified":"2025-11-21T15:33:21","modified_gmt":"2025-11-21T15:33:21","slug":"jonsson-om-orden-i-tv4-intervjun-som-skapade-spekulationer-de-gissade-ganska-fel-vf","status":"publish","type":"post","link":"https:\/\/www.europesays.com\/se\/86528\/","title":{"rendered":"J\u00f6nsson om orden i TV4-intervjun som skapade spekulationer: \u201dDe gissade ganska fel\u201d &#8211; VF"},"content":{"rendered":"<ol>\n<li><a href=\"https:\/\/news.google.com\/rss\/articles\/CBMitwFBVV95cUxOMXZhaWdCWnFJZWFWcTRXZVVISDd1VUpYWTRHX202VlljajItYnR3Skc2R28wVHp5MG9NWV9HX0I5bVpHNE82MVB6RDNBTW1Qc1FzYjN6QVk0cmYzS3BmcE5aWjExU3JiVlpwcDBNMnpWajRNZDI3enhoVmdZaGJfSkhhZVhnYzgzOGpwZ1NEa0dERTF6MXlOS3pLTkpXNThwODVUU3pMME9ZODc2Zm5jcjhiQnVzZnc?oc=5\" target=\"_blank\" rel=\"nofollow noopener\">J\u00f6nsson om orden i TV4-intervjun som skapade spekulationer: \u201dDe gissade ganska fel\u201d<\/a>&nbsp;&nbsp;VF<\/li>\n<li><a href=\"https:\/\/news.google.com\/rss\/articles\/CBMigwFBVV95cUxObGU1WXlNZFRlNE9GZzdKYVhSSElXckJMWFBHZTNBT25Db3lTQ3RfTVQ1eWJOcUM3eDJSMExqTHRlZmZEczlkbDJLSEg5bE45ZFFCbFB4bHJUMGVvd09BcXNGTUpyQm1HcGYzbm9FZ2NZTUg0MnZmYWdqSVNsSTVZandyQQ?oc=5\" target=\"_blank\" rel=\"nofollow noopener\">Ishockey: Viktor Lodin m\u00e5lskytt igen \u2013 efter 16 matcher<\/a>&nbsp;&nbsp;SVT Nyheter<\/li>\n<li><a href=\"https:\/\/news.google.com\/rss\/articles\/CBMitgFBVV95cUxPdno4bTJ6RHlrVVJuTkpZVEJFcWNaZjVqakhKYUJnSW5hVXRZbFJ5bnQ3SWtmWExhTThONkluMU0wb3l4eFhfX1B5QlRCYXU3LWY2aEFhWTZiLXlCNUdKSzJLSWU0UG42SkVEcnpMdTR3ZGhSU3FkRjRHRHZIWkVLamtwR3FBNkVaelpuX0NQU3lscEMzcnU5WGl5dU9EOV85MUNZWm9FQzhnNGxjQmQ1amY2c1R1Zw?oc=5\" target=\"_blank\" rel=\"nofollow noopener\">Hemligheten bakom islossningen: \u201dExtremt\u201d<\/a>&nbsp;&nbsp;Aftonbladet<\/li>\n<li><a href=\"https:\/\/news.google.com\/rss\/articles\/CBMisAFBVV95cUxPU0hzR2tNSlBJd0JETXg0WU1ZaFEzX3JDaG9tMDA0aF9Gcmt1WnlCWW9kQ3dQeXZuc0Jvdlk2c3kxSXI3Wkt4NjgzaW9WVG93UzVuODBmelZzLXJiR1g2T21nSzJ2UnpRODJ2U09QbEJKLWlfZlZEZ3RxYkpvdmI1OFNycEpHOG9oS1dWTVB6anlYNUV6LWN0NFZZQWF4UVJkN2NrOUtiam4tMWQ4ZjcyRA?oc=5\" target=\"_blank\" rel=\"nofollow noopener\">Nycklarna gav seger \u2013 J\u00f6nsson inf\u00f6r m\u00f6tet med Djurg\u00e5rden: \u201dGjort korrigeringar\u201d<\/a>&nbsp;&nbsp;NWT<\/li>\n<li><a href=\"https:\/\/news.google.com\/rss\/articles\/CBMitAFBVV95cUxQaDZGZEVwTFRkemxkVVhxU25Scm5JcHhfM1ZDQkQzdHRxNVJ2RG5XU2l0NWd3MEdoajlIQnJzdEFvX2ZwREF0V1dBSlJ5aGdZVy1tcURjREFNMUIxd096Q0RhRC1UZk1zRS1LU3pnaEJTN3lReWppODBLbFhfQW9NUnJKVENxaXU5c0NmOThBVTEtS0IyeVZBR1lUa0lXbE8zd2lESkk0UktoQkhweWJuQzh6ZVo?oc=5\" target=\"_blank\" rel=\"nofollow noopener\">Fr\u00e5n petade till matchhj\u00e4ltar \u2013 \u00f6ppnar upp om ryktena: \u201dInte funderat p\u00e5 att l\u00e4mna\u201d<\/a>&nbsp;&nbsp;VF<\/li>\n<\/ol>\n","protected":false},"excerpt":{"rendered":"J\u00f6nsson om orden i TV4-intervjun som skapade spekulationer: \u201dDe gissade ganska fel\u201d&nbsp;&nbsp;VF Ishockey: Viktor Lodin m\u00e5lskytt igen \u2013&hellip;\n","protected":false},"author":2,"featured_media":86529,"comment_status":"","ping_status":"","sticky":false,"template":"","format":"standard","meta":{"footnotes":""},"categories":[5],"tags":[22,23,26,27,17,21,24,25,28,29,15,16,18,34,31,33,32,30,19,20],"class_list":{"0":"post-86528","1":"post","2":"type-post","3":"status-publish","4":"format-standard","5":"has-post-thumbnail","7":"category-rubriker","8":"tag-breaking-news","9":"tag-breakingnews","10":"tag-featured-news","11":"tag-featurednews","12":"tag-headlines","13":"tag-huvudnyheter","14":"tag-latest-news","15":"tag-latestnews","16":"tag-main-news","17":"tag-mainnews","18":"tag-news","19":"tag-nyheter","20":"tag-rubriker","21":"tag-se","22":"tag-svenska","23":"tag-sverige","24":"tag-sweden","25":"tag-swedish","26":"tag-top-stories","27":"tag-topstories"},"share_on_mastodon":{"url":"https:\/\/pubeurope.com\/@se\/115588418953594633","error":""},"_links":{"self":[{"href":"https:\/\/www.europesays.com\/se\/wp-json\/wp\/v2\/posts\/86528","targetHints":{"allow":["GET"]}}],"collection":[{"href":"https:\/\/www.europesays.com\/se\/wp-json\/wp\/v2\/posts"}],"about":[{"href":"https:\/\/www.europesays.com\/se\/wp-json\/wp\/v2\/types\/post"}],"author":[{"embeddable":true,"href":"https:\/\/www.europesays.com\/se\/wp-json\/wp\/v2\/users\/2"}],"replies":[{"embeddable":true,"href":"https:\/\/www.europesays.com\/se\/wp-json\/wp\/v2\/comments?post=86528"}],"version-history":[{"count":0,"href":"https:\/\/www.europesays.com\/se\/wp-json\/wp\/v2\/posts\/86528\/revisions"}],"wp:featuredmedia":[{"embeddable":true,"href":"https:\/\/www.europesays.com\/se\/wp-json\/wp\/v2\/media\/86529"}],"wp:attachment":[{"href":"https:\/\/www.europesays.com\/se\/wp-json\/wp\/v2\/media?parent=86528"}],"wp:term":[{"taxonomy":"category","embeddable":true,"href":"https:\/\/www.europesays.com\/se\/wp-json\/wp\/v2\/categories?post=86528"},{"taxonomy":"post_tag","embeddable":true,"href":"https:\/\/www.europesays.com\/se\/wp-json\/wp\/v2\/tags?post=86528"}],"curies":[{"name":"wp","href":"https:\/\/api.w.org\/{rel}","templated":true}]}}