{"id":86530,"date":"2025-11-21T15:37:16","date_gmt":"2025-11-21T15:37:16","guid":{"rendered":"https:\/\/www.europesays.com\/se\/86530\/"},"modified":"2025-11-21T15:37:16","modified_gmt":"2025-11-21T15:37:16","slug":"linux-baserade-kde-slimbook-vii-lanseras-for-1-029-euro-med-ryzen-ai-9-365-radeon-880m-och-165-hz-skarm","status":"publish","type":"post","link":"https:\/\/www.europesays.com\/se\/86530\/","title":{"rendered":"Linux-baserade KDE Slimbook VII lanseras f\u00f6r 1 029 euro med Ryzen AI 9 365, Radeon 880M och 165 Hz-sk\u00e4rm"},"content":{"rendered":"<p class=\"bodytext\">Tack vare sitt 80 Wh-batteri och h\u00f6geffektiva Ryzen-chip \u00e4r KDE Slimbook VII klassad f\u00f6r upp till 12 timmars anv\u00e4ndning p\u00e5 en enda laddning. Den levereras med <a href=\"https:\/\/neon.kde.org\" target=\"_blank\" rel=\"nofollow noopener\">KDE Neon<\/a> &#8211; ett Linux-baserat operativsystem som \u00e4r utformat med ett l\u00e4ttillg\u00e4ngligt gr\u00e4nssnitt, \u00e4ven f\u00f6r Linux-nyb\u00f6rjare. Anslutningsm\u00f6jligheterna inkluderar tv\u00e5 USB-C-portar som st\u00f6der \u00f6verf\u00f6ringshastigheter p\u00e5 10 Gbit\/s och 100-watts laddning, tillsammans med tv\u00e5 USB-A-portar (5 Gbit\/s), en HDMI-utg\u00e5ng, Wi-Fi 6 och Bluetooth 5.2.&#13;<\/p>\n<p>Pris och tillg\u00e4nglighet<\/p>\n<p class=\"bodytext\">KDE Slimbook VII kostar fr\u00e5n 1 029 \u20ac (1 185 USD) och \u00e4r nu tillg\u00e4nglig fr\u00e5n den officiella webbshoppen <a href=\"https:\/\/slimbook.com\/en\/shop\/product\/kde-slimbook-vii-amd-ryzen-ai9-365-1900\" target=\"_blank\" rel=\"nofollow noopener\">https:\/\/slimbook.com\/en\/shop\/product\/kde-slimbook-vii-amd-ryzen-ai9-365-1900<\/a>. \u00c4ven om den b\u00e4rbara datorn skickas fr\u00e5n Spanien erbjuder f\u00f6retaget olika tangentbordslayouter f\u00f6r internationella kunder. Standardkonfigurationen levereras med en Ryzen AI 9 365, 16 GB RAM, en 500 GB SSD, KDE Neon och en 100-watts USB-C-laddare. B\u00e5de minnet och lagringsutrymmet kan uppgraderas av anv\u00e4ndaren, och Slimbook erbjuder en gratis M.2-plats f\u00f6r en andra SSD<\/p>\n","protected":false},"excerpt":{"rendered":"Tack vare sitt 80 Wh-batteri och h\u00f6geffektiva Ryzen-chip \u00e4r KDE Slimbook VII klassad f\u00f6r upp till 12 timmars&hellip;\n","protected":false},"author":2,"featured_media":86531,"comment_status":"","ping_status":"","sticky":false,"template":"","format":"standard","meta":{"footnotes":""},"categories":[66],"tags":[9302,7083,9301,7341,7084,9303,7085,236,80,78,79,34,31,33,32,30,81,84,6547,83,82],"class_list":{"0":"post-86530","1":"post","2":"type-post","3":"status-publish","4":"format-standard","5":"has-post-thumbnail","7":"category-vetenskap-och-teknik","8":"tag-amd-ryzen-ai-9-365","9":"tag-barbar-dator","10":"tag-kde-slimbook-vii","11":"tag-lansering","12":"tag-laptop","13":"tag-linux","14":"tag-notebook","15":"tag-pris","16":"tag-science","17":"tag-science-and-technology","18":"tag-scienceandtechnology","19":"tag-se","20":"tag-svenska","21":"tag-sverige","22":"tag-sweden","23":"tag-swedish","24":"tag-technology","25":"tag-teknik","26":"tag-tillganglighet","27":"tag-vetenskap","28":"tag-vetenskapteknik"},"share_on_mastodon":{"url":"https:\/\/pubeurope.com\/@se\/115588434709218688","error":""},"_links":{"self":[{"href":"https:\/\/www.europesays.com\/se\/wp-json\/wp\/v2\/posts\/86530","targetHints":{"allow":["GET"]}}],"collection":[{"href":"https:\/\/www.europesays.com\/se\/wp-json\/wp\/v2\/posts"}],"about":[{"href":"https:\/\/www.europesays.com\/se\/wp-json\/wp\/v2\/types\/post"}],"author":[{"embeddable":true,"href":"https:\/\/www.europesays.com\/se\/wp-json\/wp\/v2\/users\/2"}],"replies":[{"embeddable":true,"href":"https:\/\/www.europesays.com\/se\/wp-json\/wp\/v2\/comments?post=86530"}],"version-history":[{"count":0,"href":"https:\/\/www.europesays.com\/se\/wp-json\/wp\/v2\/posts\/86530\/revisions"}],"wp:featuredmedia":[{"embeddable":true,"href":"https:\/\/www.europesays.com\/se\/wp-json\/wp\/v2\/media\/86531"}],"wp:attachment":[{"href":"https:\/\/www.europesays.com\/se\/wp-json\/wp\/v2\/media?parent=86530"}],"wp:term":[{"taxonomy":"category","embeddable":true,"href":"https:\/\/www.europesays.com\/se\/wp-json\/wp\/v2\/categories?post=86530"},{"taxonomy":"post_tag","embeddable":true,"href":"https:\/\/www.europesays.com\/se\/wp-json\/wp\/v2\/tags?post=86530"}],"curies":[{"name":"wp","href":"https:\/\/api.w.org\/{rel}","templated":true}]}}