{"id":86532,"date":"2025-11-21T15:41:13","date_gmt":"2025-11-21T15:41:13","guid":{"rendered":"https:\/\/www.europesays.com\/se\/86532\/"},"modified":"2025-11-21T15:41:13","modified_gmt":"2025-11-21T15:41:13","slug":"eu-kritik-mot-sveriges-hantering-av-vargen","status":"publish","type":"post","link":"https:\/\/www.europesays.com\/se\/86532\/","title":{"rendered":"EU-kritik mot Sveriges hantering av vargen"},"content":{"rendered":"<p class=\"preamble\">Sverige har kraftigt s\u00e4nkt det s\u00e5 kallade referensv\u00e4rdet f\u00f6r vargen \u2013 den siffra som visar hur m\u00e5nga vargar som minst beh\u00f6vs i landet f\u00f6r att arten ska \u00f6verleva p\u00e5 sikt. Nu riktar EU-kommissionen skarp kritik mot beslutet och menar att det inte \u00e4r i linje med vetenskapen.<\/p>\n<p>EU-kommissionen har gett \u00e5terkoppling till Regeringskansliet om det nya svenska referensv\u00e4rdet f\u00f6r varg, allts\u00e5 hur m\u00e5nga vargar som beh\u00f6vs i landet f\u00f6r en gynnsam bevarandestatus, och riktar skarp kritik mot att Sverige tidigare i \u00e5r s\u00e4nkte v\u00e4rdet fr\u00e5n 300 till 170 individer.<\/p>\n<p>Kommissionen bed\u00f6mer att beslutet inte \u00e4r tillr\u00e4ckligt vetenskapligt grundat och uppmanar Sverige att komma in med en ny rapportering kring referensv\u00e4rdet snarast.<\/p>\n<p>\u2013 Den tydliga kritiken fr\u00e5n kommissionen bekr\u00e4ftar att det nya referensv\u00e4rdet inte \u00e4r i linje med vetenskapen. Ett s\u00e5 l\u00e5gt v\u00e4rde kan \u00e4ventyra vargens l\u00e5ngsiktiga \u00f6verlevnad, s\u00e4ger Benny G\u00e4fvert, rovdjursexpert p\u00e5 V\u00e4rldsnaturfonden WWF.<\/p>\n<p>WWF har tidigare varnat f\u00f6r det l\u00e5ga referensv\u00e4rdet inte bara hotar vargstammen, utan \u00e4ven f\u00f6r att det inte ligger i linje med EUs riktlinjer och kan leda till \u00e5tg\u00e4rder fr\u00e5n EU. <\/p>\n<p>Referensv\u00e4rdet 170 individer inneb\u00e4r ocks\u00e5 sv\u00e5righeter att uppr\u00e4tth\u00e5lla en genetiskt god status i den svenska vargstammen. En f\u00f6r liten population \u00f6kar risken f\u00f6r inavel och f\u00f6rs\u00e4mrad genetisk variation, vilket strider mot kraven p\u00e5 gynnsam bevarandestatus enligt EU:s art- och habitatdirektiv. De aviserade ekonomiska tillskotten f\u00f6r att klara av en s\u00e5dan f\u00f6rvaltning hade varit till st\u00f6rre nytta i det f\u00f6rebyggande arbetet.<\/p>\n<p>WWF anser att Sverige borde ha st\u00e4rkt arbetet kring det tidigare referensv\u00e4rdet p\u00e5 300 och d\u00e5 intensifierat insatserna f\u00f6r f\u00f6rebyggande \u00e5tg\u00e4rder. Med den nyligen beslutade s\u00e4nkningen av vargens skyddsstatus i direktivet finns dessutom m\u00f6jlighet att agera snabbt och flexibelt vid skyddsjakt p\u00e5 problemindivider \u2013 utan att \u00e4ventyra den genetiska h\u00e4lsan hos stammen.<\/p>\n<p>En v\u00e4lbalanserad f\u00f6rvaltning kr\u00e4ver b\u00e5de vetenskapligt grundade referensv\u00e4rden och effektiva verktyg f\u00f6r att hantera konflikter.<\/p>\n<p>\u2013 WWF uppmanar regeringen att ompr\u00f6va beslutet och s\u00e4kerst\u00e4lla att Sveriges vargf\u00f6rvaltning st\u00e5r i linje med art- och habitatdirektivet, s\u00e4ger Benny G\u00e4fvert.<\/p>\n<p>L\u00e4s mer om nya referensv\u00e4rdet f\u00f6r varg: <a href=\"https:\/\/www.wwf.se\/pressmeddelande\/wwf-vargen-ar-i-fara-med-ett-referensvarde-pa-170-individer\/\" rel=\"nofollow noopener\" target=\"_blank\">WWF: Akut hot mot vargens framtid &#8211; bara 170 individer | WWF<\/a><\/p>\n<p><strong>FAKTA Referensv\u00e4rden baseras p\u00e5 faktorer som:<\/strong><\/p>\n<p>Artens naturliga utbredning och historiska f\u00f6rekomst<\/p>\n<p>Habitatets l\u00e4mplighet f\u00f6r arten<\/p>\n<p>Populationsstorlek som kr\u00e4vs f\u00f6r att arten ska vara livskraftig l\u00e5ngsiktigt<\/p>\n<p>Kvalit\u00e9n och m\u00e4ngden av tillg\u00e4ngligt habitat<\/p>\n<p>Vid fr\u00e5gor kontakta:<\/p>\n<p>Benny G\u00e4fvert, rovdjursexpert p\u00e5 WWF, benny.gafvert@wwf.se, tel 070-518 11 71<\/p>\n<p>Hanna Odelfors, pressekreterare WWF, hanna.odelfors@wwf.se, tel 08-515 17 652<\/p>\n","protected":false},"excerpt":{"rendered":"Sverige har kraftigt s\u00e4nkt det s\u00e5 kallade referensv\u00e4rdet f\u00f6r vargen \u2013 den siffra som visar hur m\u00e5nga vargar&hellip;\n","protected":false},"author":2,"featured_media":86533,"comment_status":"","ping_status":"","sticky":false,"template":"","format":"standard","meta":{"footnotes":""},"categories":[5],"tags":[22,23,26,27,17,21,24,25,28,29,15,16,18,34,31,33,32,30,19,20],"class_list":{"0":"post-86532","1":"post","2":"type-post","3":"status-publish","4":"format-standard","5":"has-post-thumbnail","7":"category-rubriker","8":"tag-breaking-news","9":"tag-breakingnews","10":"tag-featured-news","11":"tag-featurednews","12":"tag-headlines","13":"tag-huvudnyheter","14":"tag-latest-news","15":"tag-latestnews","16":"tag-main-news","17":"tag-mainnews","18":"tag-news","19":"tag-nyheter","20":"tag-rubriker","21":"tag-se","22":"tag-svenska","23":"tag-sverige","24":"tag-sweden","25":"tag-swedish","26":"tag-top-stories","27":"tag-topstories"},"share_on_mastodon":{"url":"https:\/\/pubeurope.com\/@se\/115588450424266195","error":""},"_links":{"self":[{"href":"https:\/\/www.europesays.com\/se\/wp-json\/wp\/v2\/posts\/86532","targetHints":{"allow":["GET"]}}],"collection":[{"href":"https:\/\/www.europesays.com\/se\/wp-json\/wp\/v2\/posts"}],"about":[{"href":"https:\/\/www.europesays.com\/se\/wp-json\/wp\/v2\/types\/post"}],"author":[{"embeddable":true,"href":"https:\/\/www.europesays.com\/se\/wp-json\/wp\/v2\/users\/2"}],"replies":[{"embeddable":true,"href":"https:\/\/www.europesays.com\/se\/wp-json\/wp\/v2\/comments?post=86532"}],"version-history":[{"count":0,"href":"https:\/\/www.europesays.com\/se\/wp-json\/wp\/v2\/posts\/86532\/revisions"}],"wp:featuredmedia":[{"embeddable":true,"href":"https:\/\/www.europesays.com\/se\/wp-json\/wp\/v2\/media\/86533"}],"wp:attachment":[{"href":"https:\/\/www.europesays.com\/se\/wp-json\/wp\/v2\/media?parent=86532"}],"wp:term":[{"taxonomy":"category","embeddable":true,"href":"https:\/\/www.europesays.com\/se\/wp-json\/wp\/v2\/categories?post=86532"},{"taxonomy":"post_tag","embeddable":true,"href":"https:\/\/www.europesays.com\/se\/wp-json\/wp\/v2\/tags?post=86532"}],"curies":[{"name":"wp","href":"https:\/\/api.w.org\/{rel}","templated":true}]}}