{"id":86536,"date":"2025-11-21T15:45:11","date_gmt":"2025-11-21T15:45:11","guid":{"rendered":"https:\/\/www.europesays.com\/se\/86536\/"},"modified":"2025-11-21T15:45:11","modified_gmt":"2025-11-21T15:45:11","slug":"apple-iphone-17e-och-ipad-12e-generationen-ar-pa-vag-att-lanseras-varen-2026-tillsammans-med-en-nedgraderad-budget-macbook-som-kan-borja-med-bara-8-gb-ram","status":"publish","type":"post","link":"https:\/\/www.europesays.com\/se\/86536\/","title":{"rendered":"Apple iPhone 17e och iPad 12:e generationen \u00e4r p\u00e5 v\u00e4g att lanseras v\u00e5ren 2026 tillsammans med en nedgraderad budget-MacBook som kan b\u00f6rja med bara 8 GB RAM"},"content":{"rendered":"<p class=\"bodytext\">Analytikern Jeff Pu har tagit st\u00e4llning till ryktena om Apple:s kommande h\u00e5rdvarusl\u00e4pp under v\u00e5ren. Enligt <a href=\"https:\/\/www.macrumors.com\/2025\/11\/21\/low-cost-iphone-ipad-macbook-early-2026\/\" target=\"_blank\" class=\"external-link-new-window\" rel=\"nofollow noopener\">MacRumors<\/a>har Pu beskrivit att Apple hoppas kunna introducera tre nya enheter under v\u00e5ren 2026. I linje med de senaste ryktena tror analytikern att Apple kommer att ers\u00e4tta <a href=\"http:\/\/www.notebookcheck.net\/Apple-s-new-budget-wonder-weapon-against-the-competition-Apple-iPhone-16e-review.1009234.0.html\" target=\"_self\" class=\"internal-link\" rel=\"nofollow noopener\">iPhone 16e<\/a> med iPhone 17e under denna period.<\/p>\n<p class=\"bodytext\">Med h\u00e4nvisning till en ny forskningsrapport, <a href=\"https:\/\/www.macrumors.com\/2025\/11\/21\/low-cost-iphone-ipad-macbook-early-2026\/\" target=\"_blank\" class=\"external-link-new-window\" rel=\"nofollow noopener\">MacRumors<\/a> rapporterar att Pu tror att iPhone 17e kommer att avvika fr\u00e5n sin f\u00f6reg\u00e5ngare inom tre huvudomr\u00e5den. Tydligen kommer iPhone 17e att g\u00e5 med i basen iPhone 17 genom att anta en 18 MP Center Stage fram\u00e5tv\u00e4nd kamera och en <a href=\"http:\/\/www.notebookcheck.net\/Apple-A19-Processor-Benchmarks-and-Specs.1127048.0.html\" target=\"_self\" class=\"internal-link\" rel=\"nofollow noopener\">Apple A19<\/a> SoC. Dessutom s\u00e4gs iPhone 17e ocks\u00e5 ha ett C1-modem.<\/p>\n<p class=\"bodytext\">Medan exakta lanseringstider fortfarande \u00e4r ok\u00e4nda, till\u00e4gger Pu att den sedan l\u00e4nge omtalade budget-MacBook och iPad 12:e generationen ocks\u00e5 kommer att lanseras globalt n\u00e4sta v\u00e5r. \u00c5 ena sidan f\u00f6rv\u00e4ntar sig Pu att Apple kommer att skilja iPad 12th Gen fr\u00e5n sin f\u00f6reg\u00e5ngare med bara en <a href=\"http:\/\/www.notebookcheck.net\/Apple-A18-Processor-Benchmarks-and-Specs.891555.0.html\" target=\"_self\" class=\"internal-link\" rel=\"nofollow noopener\">A18<\/a> SoC, som ers\u00e4tter <a href=\"http:\/\/www.notebookcheck.net\/Apple-A16-Bionic-Processor-Benchmarks-and-Specs.652742.0.html\" target=\"_self\" class=\"internal-link\" rel=\"nofollow noopener\">A16 Bionic<\/a> som finns i dess <a href=\"http:\/\/www.notebookcheck.net\/Apple-iPad-11-2025-review-The-affordable-tablet-lags-behind-in-the-most-important-area.1006011.0.html\" target=\"_self\" class=\"internal-link\" rel=\"nofollow noopener\">11: e generationens motsvarighet<\/a>. \u00c5 andra sidan, Apple&#8217;s budget MacBook kan inneh\u00e5lla <a href=\"http:\/\/www.notebookcheck.net\/Apple-A18-Pro-Processor-Benchmarks-and-Specs.891556.0.html\" target=\"_self\" class=\"internal-link\" rel=\"nofollow noopener\">A18 Pro<\/a> med fler f\u00e4rgalternativ \u00e4n andra MacBooks, inklusive rosa och gula varianter.<\/p>\n<p class=\"bodytext\">Tyv\u00e4rr kan MacBook ocks\u00e5 b\u00f6rja med bara 8 GB RAM f\u00f6r att n\u00e5 ett lanseringspris p\u00e5 $ 699- $ 899. Andra kompromisser inkluderar tydligen antagandet av en enda USB Type-C-port och odefinierade &#8221;\u00e4ldre design- eller sk\u00e4rmkomponenter&#8221;. Det \u00e4r v\u00e4rt att notera att Pu inte s\u00e4gs ha n\u00e4mnt MacBook Air i sin senaste forskningsrapport.<\/p>\n<p class=\"bodytext\">Det betyder dock inte n\u00f6dv\u00e4ndigtvis att Apple:s M5-uppdateringar har f\u00f6rsenats. F\u00f6r sammanhangets skull kan n\u00e4mnas att f\u00f6retaget har introducerat sina tv\u00e5 senaste <a href=\"http:\/\/www.notebookcheck.net\/The-passively-cooled-M4-SoC-makes-the-competition-look-old-Apple-MacBook-Air-13-M4-base-model-review.1002534.0.html\" target=\"_self\" class=\"internal-link\" rel=\"nofollow noopener\">13-tums<\/a> och <a href=\"http:\/\/www.notebookcheck.net\/Apple-MacBook-Air-15-M4-review-The-fanless-M4-SoC-is-years-ahead-of-the-competition.976933.0.html\" target=\"_self\" class=\"internal-link\" rel=\"nofollow noopener\">15-tums MacBook Air<\/a> <a href=\"https:\/\/www.amazon.com\/Apple-2025-MacBook-15-inch-Laptop\/dp\/B0DZDBWM5B?tag=nbcnewsnet-20\" target=\"_blank\" rel=\"sponsored nofollow noopener\" class=\"external-link-new-window\">(nuvarande $949 p\u00e5 Amazon)<\/a> generationer precis innan v\u00e5ren b\u00f6rjar p\u00e5 norra halvklotet. Vi skulle allts\u00e5 inte utesluta att nya MacBook Air-modeller kommer i b\u00f6rjan av mars 2026 och att den billigare MacBook-modellen kommer under v\u00e5ren, med st\u00f6d av iPad 12:e generationen och iPhone 17e.<\/p>\n","protected":false},"excerpt":{"rendered":"Analytikern Jeff Pu har tagit st\u00e4llning till ryktena om Apple:s kommande h\u00e5rdvarusl\u00e4pp under v\u00e5ren. Enligt MacRumorshar Pu beskrivit&hellip;\n","protected":false},"author":2,"featured_media":86537,"comment_status":"","ping_status":"","sticky":false,"template":"","format":"standard","meta":{"footnotes":""},"categories":[66],"tags":[9307,391,9309,9310,9304,7083,9306,9308,9305,7084,7085,80,78,79,34,31,33,32,30,81,84,83,82],"class_list":{"0":"post-86536","1":"post","2":"type-post","3":"status-publish","4":"format-standard","5":"has-post-thumbnail","7":"category-vetenskap-och-teknik","8":"tag-12e-generationens-ipad","9":"tag-apple","10":"tag-apple-a18","11":"tag-apple-a18-pro","12":"tag-apple-macbook","13":"tag-barbar-dator","14":"tag-ipad-12","15":"tag-ipad-12e-generationen","16":"tag-iphone-17e","17":"tag-laptop","18":"tag-notebook","19":"tag-science","20":"tag-science-and-technology","21":"tag-scienceandtechnology","22":"tag-se","23":"tag-svenska","24":"tag-sverige","25":"tag-sweden","26":"tag-swedish","27":"tag-technology","28":"tag-teknik","29":"tag-vetenskap","30":"tag-vetenskapteknik"},"share_on_mastodon":{"url":"https:\/\/pubeurope.com\/@se\/115588466200635938","error":""},"_links":{"self":[{"href":"https:\/\/www.europesays.com\/se\/wp-json\/wp\/v2\/posts\/86536","targetHints":{"allow":["GET"]}}],"collection":[{"href":"https:\/\/www.europesays.com\/se\/wp-json\/wp\/v2\/posts"}],"about":[{"href":"https:\/\/www.europesays.com\/se\/wp-json\/wp\/v2\/types\/post"}],"author":[{"embeddable":true,"href":"https:\/\/www.europesays.com\/se\/wp-json\/wp\/v2\/users\/2"}],"replies":[{"embeddable":true,"href":"https:\/\/www.europesays.com\/se\/wp-json\/wp\/v2\/comments?post=86536"}],"version-history":[{"count":0,"href":"https:\/\/www.europesays.com\/se\/wp-json\/wp\/v2\/posts\/86536\/revisions"}],"wp:featuredmedia":[{"embeddable":true,"href":"https:\/\/www.europesays.com\/se\/wp-json\/wp\/v2\/media\/86537"}],"wp:attachment":[{"href":"https:\/\/www.europesays.com\/se\/wp-json\/wp\/v2\/media?parent=86536"}],"wp:term":[{"taxonomy":"category","embeddable":true,"href":"https:\/\/www.europesays.com\/se\/wp-json\/wp\/v2\/categories?post=86536"},{"taxonomy":"post_tag","embeddable":true,"href":"https:\/\/www.europesays.com\/se\/wp-json\/wp\/v2\/tags?post=86536"}],"curies":[{"name":"wp","href":"https:\/\/api.w.org\/{rel}","templated":true}]}}