{"id":86538,"date":"2025-11-21T15:49:09","date_gmt":"2025-11-21T15:49:09","guid":{"rendered":"https:\/\/www.europesays.com\/se\/86538\/"},"modified":"2025-11-21T15:49:09","modified_gmt":"2025-11-21T15:49:09","slug":"man-haktas-for-grovt-narkotikabrott-utlamnades-fran-marocko","status":"publish","type":"post","link":"https:\/\/www.europesays.com\/se\/86538\/","title":{"rendered":"Man h\u00e4ktas f\u00f6r grovt narkotikabrott \u2013 utl\u00e4mnades fr\u00e5n Marocko"},"content":{"rendered":"<p>Mannen som \u00e4r i 40-\u00e5rs\u00e5ldern h\u00e4ktas p\u00e5 sannolika sk\u00e4l misst\u00e4nkt f\u00f6r synnerligen grovt narkotikabrott. Brottet ska ha uppdagats 2023.<\/p>\n<p>\u2013 Det var i februari 2023 som polisen slog till p\u00e5 en g\u00e5rd d\u00e4r man p\u00e5stod sig bedriva hundpensionat. N\u00e4r man sl\u00e5r till d\u00e4r p\u00e5tr\u00e4ffas flera kilo svart kokain och med anledning av det h\u00e4r s\u00e5 griper man samtliga p\u00e5 plats, s\u00e4ger \u00e5klagare Sharareh Ghavam Nejad.<\/p>\n<p>\u201dKokainfabrik\u201d hittades i h\u00e4ststall<\/p>\n<p>Det var vid ett h\u00e4ststall vid hundpensionatet, utanf\u00f6r Hallstavik i norra Stockholms l\u00e4n, som polisen 2023 gjorde narkotikafyndet. <\/p>\n<p>Enligt tidigare domar framkommer att det r\u00f6rde sig om cirka 40 kilo kokain eller s\u00e5 kallad kokainbas. Tester p\u00e5 det svarta pulvret visade att det inneh\u00f6ll kokainbas, vilket inneb\u00e4r att det fortfarande m\u00e5ste utvinnas f\u00f6r att bli anv\u00e4ndbart i berusningssyfte.\u00a0<\/p>\n<p>I en rapport beskrev Polisens Nationellt forensiskt centrum:\u00a0<\/p>\n<p>\u201dSvart pulver inneh\u00e5llande kokain, \u201dsvart kokain\u201d, \u00e4r en relativt ny f\u00f6reteelse i Sverige, men har f\u00f6rekommit utomlands under flera \u00e5r. Kokainet f\u00e4rgas eller blandas med svart material, till exempel med kol eller f\u00e4rgpigment f\u00f6r att maskera det och d\u00e4rmed underl\u00e4tta smuggling. \u00c4ven andra \u00e4mnen kan tills\u00e4ttas f\u00f6r att maskera kokainets lukt eller detekterbarhet med olika snabbtester som anv\u00e4nds i f\u00e4lt. Detta betyder inte att kokainet i det svarta materialet \u00e4r f\u00f6rst\u00f6rt. Dock beh\u00f6ver kokainet isoleras f\u00f6r att g\u00f6ra det brukbart.\u201d<\/p>\n<p>P\u00e5 g\u00e5rden hittades ocks\u00e5 kemikalier och redskap som potentiellt hade kunnat anv\u00e4ndas f\u00f6r att utvinna kokainet fr\u00e5n det svarta pulvret.\u00a0<\/p>\n<p>Sl\u00e4pptes under utredningen \u2013 och flydde landet<\/p>\n<p>F\u00f6r narkotikan i stallet har tv\u00e5 personer sedan tidigare d\u00f6mts f\u00f6r medhj\u00e4lp till grovt narkotikabrott och f\u00e5tt fler\u00e5riga f\u00e4ngelsestraff.\u00a0<\/p>\n<p>Mannen i 40-\u00e5rs\u00e5ldern sl\u00e4pptes dock eftersom man vid tillf\u00e4llet inte hade tillr\u00e4ckligt starka bevis.<\/p>\n<p>\u2013 N\u00e4r han senare beg\u00e4rdes h\u00e4ktad fanns han inte l\u00e4ngre i Sverige och blev d\u00e4rf\u00f6r internationellt efterlyst, s\u00e4ger \u00e5klagaren.<\/p>\n<p>Sverige tecknade avtal med Marocko<\/p>\n<p>Under torsdagen rapporterade SVT om att mannen utl\u00e4mnats till Sverige efter att Sverige undertecknat ett samarbete med Marocko mot gr\u00e4ns\u00f6verskridande brottslighet.<\/p>\n<p>\u2013 Nu forts\u00e4tter insatserna med allt st\u00f6rre kraft tillsammans med l\u00e4nder runtom i v\u00e4rlden, s\u00e4ger justitieminister Gunnar Str\u00f6mmer (M) till SVT.<\/p>\n","protected":false},"excerpt":{"rendered":"Mannen som \u00e4r i 40-\u00e5rs\u00e5ldern h\u00e4ktas p\u00e5 sannolika sk\u00e4l misst\u00e4nkt f\u00f6r synnerligen grovt narkotikabrott. Brottet ska ha uppdagats&hellip;\n","protected":false},"author":2,"featured_media":86539,"comment_status":"","ping_status":"","sticky":false,"template":"","format":"standard","meta":{"footnotes":""},"categories":[5],"tags":[22,23,26,27,17,21,24,25,28,29,15,16,18,34,31,33,32,30,19,20],"class_list":{"0":"post-86538","1":"post","2":"type-post","3":"status-publish","4":"format-standard","5":"has-post-thumbnail","7":"category-rubriker","8":"tag-breaking-news","9":"tag-breakingnews","10":"tag-featured-news","11":"tag-featurednews","12":"tag-headlines","13":"tag-huvudnyheter","14":"tag-latest-news","15":"tag-latestnews","16":"tag-main-news","17":"tag-mainnews","18":"tag-news","19":"tag-nyheter","20":"tag-rubriker","21":"tag-se","22":"tag-svenska","23":"tag-sverige","24":"tag-sweden","25":"tag-swedish","26":"tag-top-stories","27":"tag-topstories"},"share_on_mastodon":{"url":"https:\/\/pubeurope.com\/@se\/115588481971324519","error":""},"_links":{"self":[{"href":"https:\/\/www.europesays.com\/se\/wp-json\/wp\/v2\/posts\/86538","targetHints":{"allow":["GET"]}}],"collection":[{"href":"https:\/\/www.europesays.com\/se\/wp-json\/wp\/v2\/posts"}],"about":[{"href":"https:\/\/www.europesays.com\/se\/wp-json\/wp\/v2\/types\/post"}],"author":[{"embeddable":true,"href":"https:\/\/www.europesays.com\/se\/wp-json\/wp\/v2\/users\/2"}],"replies":[{"embeddable":true,"href":"https:\/\/www.europesays.com\/se\/wp-json\/wp\/v2\/comments?post=86538"}],"version-history":[{"count":0,"href":"https:\/\/www.europesays.com\/se\/wp-json\/wp\/v2\/posts\/86538\/revisions"}],"wp:featuredmedia":[{"embeddable":true,"href":"https:\/\/www.europesays.com\/se\/wp-json\/wp\/v2\/media\/86539"}],"wp:attachment":[{"href":"https:\/\/www.europesays.com\/se\/wp-json\/wp\/v2\/media?parent=86538"}],"wp:term":[{"taxonomy":"category","embeddable":true,"href":"https:\/\/www.europesays.com\/se\/wp-json\/wp\/v2\/categories?post=86538"},{"taxonomy":"post_tag","embeddable":true,"href":"https:\/\/www.europesays.com\/se\/wp-json\/wp\/v2\/tags?post=86538"}],"curies":[{"name":"wp","href":"https:\/\/api.w.org\/{rel}","templated":true}]}}