{"id":86548,"date":"2025-11-21T16:09:06","date_gmt":"2025-11-21T16:09:06","guid":{"rendered":"https:\/\/www.europesays.com\/se\/86548\/"},"modified":"2025-11-21T16:09:06","modified_gmt":"2025-11-21T16:09:06","slug":"samsung-slapper-kompakt-tradlost-tangentbord-med-ai-tangent","status":"publish","type":"post","link":"https:\/\/www.europesays.com\/se\/86548\/","title":{"rendered":"Samsung sl\u00e4pper kompakt tr\u00e5dl\u00f6st tangentbord med AI-tangent"},"content":{"rendered":"<p>Samsung har sl\u00e4ppt ett nytt kompakt tr\u00e5dl\u00f6st tangentbord: Samsung Smart Keyboard. Tangentbordet har en h\u00f6jd p\u00e5 4,3mm och en vikt p\u00e5 endast 218 gram. Det kan kopplas till och v\u00e4xla mellan tre olika bluetooth-enheter samtidigt, som en Galaxy-mobil, en PC och en Mac. <\/p>\n<p>Det har ocks\u00e5 en dedikerad AI-tangent f\u00f6r att anv\u00e4nda Bixby, Gemini eller Copilot om enheten \u00e4r kopplad till en dator. F1-, F2-, och F3-tangenterna kan \u00e4ven anv\u00e4ndas som genv\u00e4gar f\u00f6r appar.<\/p>\n<p>Str\u00f6mf\u00f6ringen sker via ett CR2032-myntbatteri. Samsung s\u00e4ger att batteriet ska kunna driva enheten l\u00e4nge men har inte specificerat hur l\u00e4nge. <\/p>\n<p>Pris f\u00f6r tangentbordet ligger p\u00e5 109,99 dollar, motsvarande cirka 1050 kronor. Exakt pris i Sverige \u00e4r f\u00f6r stunden ok\u00e4nt.<\/p>\n","protected":false},"excerpt":{"rendered":"Samsung har sl\u00e4ppt ett nytt kompakt tr\u00e5dl\u00f6st tangentbord: Samsung Smart Keyboard. Tangentbordet har en h\u00f6jd p\u00e5 4,3mm och&hellip;\n","protected":false},"author":2,"featured_media":86549,"comment_status":"","ping_status":"","sticky":false,"template":"","format":"standard","meta":{"footnotes":""},"categories":[66],"tags":[80,78,79,34,31,33,32,30,81,84,83,82],"class_list":{"0":"post-86548","1":"post","2":"type-post","3":"status-publish","4":"format-standard","5":"has-post-thumbnail","7":"category-vetenskap-och-teknik","8":"tag-science","9":"tag-science-and-technology","10":"tag-scienceandtechnology","11":"tag-se","12":"tag-svenska","13":"tag-sverige","14":"tag-sweden","15":"tag-swedish","16":"tag-technology","17":"tag-teknik","18":"tag-vetenskap","19":"tag-vetenskapteknik"},"share_on_mastodon":{"url":"https:\/\/pubeurope.com\/@se\/115588560549027335","error":""},"_links":{"self":[{"href":"https:\/\/www.europesays.com\/se\/wp-json\/wp\/v2\/posts\/86548","targetHints":{"allow":["GET"]}}],"collection":[{"href":"https:\/\/www.europesays.com\/se\/wp-json\/wp\/v2\/posts"}],"about":[{"href":"https:\/\/www.europesays.com\/se\/wp-json\/wp\/v2\/types\/post"}],"author":[{"embeddable":true,"href":"https:\/\/www.europesays.com\/se\/wp-json\/wp\/v2\/users\/2"}],"replies":[{"embeddable":true,"href":"https:\/\/www.europesays.com\/se\/wp-json\/wp\/v2\/comments?post=86548"}],"version-history":[{"count":0,"href":"https:\/\/www.europesays.com\/se\/wp-json\/wp\/v2\/posts\/86548\/revisions"}],"wp:featuredmedia":[{"embeddable":true,"href":"https:\/\/www.europesays.com\/se\/wp-json\/wp\/v2\/media\/86549"}],"wp:attachment":[{"href":"https:\/\/www.europesays.com\/se\/wp-json\/wp\/v2\/media?parent=86548"}],"wp:term":[{"taxonomy":"category","embeddable":true,"href":"https:\/\/www.europesays.com\/se\/wp-json\/wp\/v2\/categories?post=86548"},{"taxonomy":"post_tag","embeddable":true,"href":"https:\/\/www.europesays.com\/se\/wp-json\/wp\/v2\/tags?post=86548"}],"curies":[{"name":"wp","href":"https:\/\/api.w.org\/{rel}","templated":true}]}}