{"id":86550,"date":"2025-11-21T16:14:11","date_gmt":"2025-11-21T16:14:11","guid":{"rendered":"https:\/\/www.europesays.com\/se\/86550\/"},"modified":"2025-11-21T16:14:11","modified_gmt":"2025-11-21T16:14:11","slug":"uppdaterade-riktlinjer-for-behandling-av-depression-svensk-farmaci","status":"publish","type":"post","link":"https:\/\/www.europesays.com\/se\/86550\/","title":{"rendered":"Uppdaterade riktlinjer f\u00f6r behandling av depression \u2013 Svensk Farmaci"},"content":{"rendered":"<p>\t\t\t\t<img alt=\"\" class=\"MediaWrapper-content BodyImage-imageObject\" src=\"https:\/\/www.europesays.com\/se\/wp-content\/uploads\/2025\/11\/man-2734073-1280.jpg\" data-lazy-load-target=\"content\" width=\"1060\" height=\"706\" loading=\"eager\" decoding=\"async\" fetchpriority=\"high\"\/><\/p>\n<p>\n\t\t\t\t\tDen nya rekommendationen ger h\u00e4lso- och sjukv\u00e5rdspersonal en tydlig v\u00e4gledning f\u00f6r att hitta r\u00e4tt behandling.<br \/>\n\t\t\t\t\t\t\tFoto: Pixabay\n\t\t\t\t\t\t\t\t\t<\/p>\n<p><strong>L\u00e4kemedelsverket har publicerat<\/strong> en ny <a href=\"https:\/\/www.lakemedelsverket.se\/sv\/behandling-och-forskrivning\/behandlingsrekommendationer\/sok-behandlingsrekommendationer\/depression-angest-och-tvangssyndrom-behandlingsrekommendation#hmainbody1\" data-type=\"link\" data-id=\"https:\/\/www.lakemedelsverket.se\/sv\/behandling-och-forskrivning\/behandlingsrekommendationer\/sok-behandlingsrekommendationer\/depression-angest-och-tvangssyndrom-behandlingsrekommendation#hmainbody1\" rel=\"nofollow noopener\" target=\"_blank\">behandlingsrekommendation<\/a> f\u00f6r depression, \u00e5ngest- och tv\u00e5ngssyndrom. Det \u00e4r en uppdatering av den f\u00f6rra som kom 2016 och v\u00e4nder sig fr\u00e4mst till f\u00f6rskrivare men \u00e4ven till annan h\u00e4lso- och sjukv\u00e5rdspersonal som st\u00f6d i val och utformning av l\u00e4kemedelsbehandling.<\/p>\n<p>\u2014 Ett av de centrala budskapen i denna uppdaterade behandlingsrekommendation \u00e4r att det finns fungerande behandling, b\u00e5de vid medelsv\u00e5r och sv\u00e5r depression och vid \u00e5ngest- och tv\u00e5ngssyndrom. Samtidigt \u00e4r uppf\u00f6ljning mycket viktig f\u00f6r att patienten ska f\u00e5 r\u00e4tt behandling, s\u00e4ger Mats Persson, psykiater och utredare vid L\u00e4kemedelsverket i ett <a href=\"https:\/\/www.lakemedelsverket.se\/sv\/nyheter\/uppdaterat-behandlingsstod-for-depression-angest--och-tvangssyndrom\" data-type=\"link\" data-id=\"https:\/\/www.lakemedelsverket.se\/sv\/nyheter\/uppdaterat-behandlingsstod-for-depression-angest--och-tvangssyndrom\" rel=\"nofollow noopener\" target=\"_blank\">pressmeddelande<\/a>.<\/p>\n<p>\n\t\tAnnons\t\t\t<\/p>\n<p>\t\t<a href=\"http:\/\/www.unimedicpharma.se\/melatonin\" data-ad-target=\"link\" class=\"Ad-content\" rel=\"sponsored nofollow noopener\" target=\"_blank\"><\/p>\n<p>\t\t\t\t<img alt=\"Annons\" class=\"MediaWrapper-content Ad-image\" src=\"https:\/\/www.europesays.com\/se\/wp-content\/uploads\/2025\/11\/1763741651_86_melatonin-banner-se-468x240-high.gif\" data-lazy-load-target=\"content\" width=\"468\" height=\"240\" loading=\"lazy\" decoding=\"async\" fetchpriority=\"auto\"\/><\/p>\n<p>\t\t<\/a><\/p>\n<p><strong>F\u00f6r barn och ungdomar som inte <\/strong>svarar p\u00e5 f\u00f6rsta- eller andrahandsval vid depression beskrivs nu fler l\u00e4kemedelsalternativ \u00e4ven fr\u00e5n andra grupper \u00e4n SSRI, allts\u00e5 selektiva serotoninupptagsh\u00e4mmare.<\/p>\n<p>\u2014 \u00c4ven vad g\u00e4ller sv\u00e5rbehandlad depression hos vuxna presenterar expertgruppen nu ytterligare alternativ, bland annat ber\u00f6rs esketamin, s\u00e4ger Mats Persson.<\/p>\n<p><strong>Uts\u00e4ttning av antidepressiva l\u00e4kemedel <\/strong>har ocks\u00e5 f\u00e5tt ett ut\u00f6kat fokus i den uppdaterade behandlingsrekommendationen. Expertgruppen konstaterar att det inte finns tillr\u00e4ckligt med evidens f\u00f6r att f\u00f6respr\u00e5ka en viss uts\u00e4ttningsmetod, men att det \u00e4r viktigt att anpassa uts\u00e4ttningen efter den enskilde patienten. Det \u00e4r dessutom viktigt att skilja p\u00e5 uts\u00e4ttningssymtom och \u00e5terinsjuknande.<\/p>\n<p>Vid de flesta \u00e5ngest- och tv\u00e5ngssyndrom rekommenderas KBT som f\u00f6rstahandsval, med SSRI eller SNRI som alternativ. Bensodiazepiner och bensodiazepinliknande l\u00e4kemedel b\u00f6r d\u00e4remot undvikas p\u00e5 grund av risken f\u00f6r beroende och negativ p\u00e5verkan p\u00e5 kognitionen.<\/p>\n<p><strong>Antidepressiva l\u00e4kemedel \u00e4r en<\/strong> av de vanligaste l\u00e4kemedelsgrupperna i Sverige. Drygt 1,2 miljoner patienter behandlades under 2024, vilket inneb\u00e4r en \u00f6kning med tre procent j\u00e4mf\u00f6rt med \u00e5ret innan och hela 35 procent fler \u00e4n f\u00f6r tio \u00e5r sedan. Det visar en sammanst\u00e4llning fr\u00e5n Kronans Apotek, baserad p\u00e5 Socialstyrelsens statistik. n\u00e5got som <a href=\"https:\/\/www.svenskfarmaci.se\/2025\/10\/20\/okning-av-antidepressiva-apotekens-radgivning-avgorande\/\" data-type=\"link\" data-id=\"https:\/\/www.svenskfarmaci.se\/2025\/10\/20\/okning-av-antidepressiva-apotekens-radgivning-avgorande\/\" rel=\"nofollow noopener\" target=\"_blank\">Svensk Farmaci<\/a> tidigare har uppm\u00e4rksammat.<\/p>\n<p>Trenden ser \u00e4ven ut att forts\u00e4tta 2025. Mellan januari till augusti i \u00e5r h\u00e4mtade i snitt 430 000 patienter per m\u00e5nad ut antidepressiva l\u00e4kemedel, en \u00f6kning med drygt 3 procent j\u00e4mf\u00f6rt med samma period 2023.<\/p>\n<p><strong>L\u00e4s mer &gt;&gt;<\/strong> <a href=\"https:\/\/www.svenskfarmaci.se\/2025\/10\/20\/okning-av-antidepressiva-apotekens-radgivning-avgorande\/\" data-type=\"link\" data-id=\"https:\/\/www.svenskfarmaci.se\/2025\/10\/20\/okning-av-antidepressiva-apotekens-radgivning-avgorande\/\" rel=\"nofollow noopener\" target=\"_blank\">\u00d6kning av antidepressiva: apotekens r\u00e5dgivning avg\u00f6rande<\/a><\/p>\n<p><a href=\"https:\/\/www.svenskfarmaci.se\/2025\/08\/11\/femdubbling-av-recept-pa-antipsykotiska-lakemedel-till-barn\/\" data-type=\"link\" data-id=\"https:\/\/www.svenskfarmaci.se\/2025\/08\/11\/femdubbling-av-recept-pa-antipsykotiska-lakemedel-till-barn\/\" rel=\"nofollow noopener\" target=\"_blank\">Fem\u00addubbling av recept p\u00e5 anti\u00ad\u00adpsykotiska l\u00e4ke\u00admedel till barn<\/a><\/p>\n","protected":false},"excerpt":{"rendered":"Den nya rekommendationen ger h\u00e4lso- och sjukv\u00e5rdspersonal en tydlig v\u00e4gledning f\u00f6r att hitta r\u00e4tt behandling. Foto: Pixabay L\u00e4kemedelsverket&hellip;\n","protected":false},"author":2,"featured_media":86551,"comment_status":"","ping_status":"","sticky":false,"template":"","format":"standard","meta":{"footnotes":""},"categories":[69],"tags":[113,112,34,31,33,32,30],"class_list":{"0":"post-86550","1":"post","2":"type-post","3":"status-publish","4":"format-standard","5":"has-post-thumbnail","7":"category-halsa","8":"tag-halsa","9":"tag-health","10":"tag-se","11":"tag-svenska","12":"tag-sverige","13":"tag-sweden","14":"tag-swedish"},"share_on_mastodon":{"url":"https:\/\/pubeurope.com\/@se\/115588580592172557","error":""},"_links":{"self":[{"href":"https:\/\/www.europesays.com\/se\/wp-json\/wp\/v2\/posts\/86550","targetHints":{"allow":["GET"]}}],"collection":[{"href":"https:\/\/www.europesays.com\/se\/wp-json\/wp\/v2\/posts"}],"about":[{"href":"https:\/\/www.europesays.com\/se\/wp-json\/wp\/v2\/types\/post"}],"author":[{"embeddable":true,"href":"https:\/\/www.europesays.com\/se\/wp-json\/wp\/v2\/users\/2"}],"replies":[{"embeddable":true,"href":"https:\/\/www.europesays.com\/se\/wp-json\/wp\/v2\/comments?post=86550"}],"version-history":[{"count":0,"href":"https:\/\/www.europesays.com\/se\/wp-json\/wp\/v2\/posts\/86550\/revisions"}],"wp:featuredmedia":[{"embeddable":true,"href":"https:\/\/www.europesays.com\/se\/wp-json\/wp\/v2\/media\/86551"}],"wp:attachment":[{"href":"https:\/\/www.europesays.com\/se\/wp-json\/wp\/v2\/media?parent=86550"}],"wp:term":[{"taxonomy":"category","embeddable":true,"href":"https:\/\/www.europesays.com\/se\/wp-json\/wp\/v2\/categories?post=86550"},{"taxonomy":"post_tag","embeddable":true,"href":"https:\/\/www.europesays.com\/se\/wp-json\/wp\/v2\/tags?post=86550"}],"curies":[{"name":"wp","href":"https:\/\/api.w.org\/{rel}","templated":true}]}}