{"id":86561,"date":"2025-11-21T16:24:06","date_gmt":"2025-11-21T16:24:06","guid":{"rendered":"https:\/\/www.europesays.com\/se\/86561\/"},"modified":"2025-11-21T16:24:06","modified_gmt":"2025-11-21T16:24:06","slug":"mans-zelmerlows-comeback-efter-turbulenta-tiden","status":"publish","type":"post","link":"https:\/\/www.europesays.com\/se\/86561\/","title":{"rendered":"M\u00e5ns Zelmerl\u00f6ws comeback\n\u2013 efter turbulenta tiden"},"content":{"rendered":"<p>Publicerad 21 nov 2025 kl 17.04<\/p>\n<p>Turn\u00e9, spelningar och evenemang st\u00e4lldes in efter turbulensen.<\/p>\n<p>Nu har M\u00e5ns Zelmerl\u00f6w intagit den stora scenen igen med ett gig p\u00e5 en festival utomlands.<\/p>\n<p>\u2013 En underbar kv\u00e4ll! Det h\u00e4r \u00e4r s\u00e5 speciellt f\u00f6r mig, s\u00e4ger artisten p\u00e5 Instagram.<\/p>\n<p>Allt det senaste fr\u00e5n s\u00e4songen av \u201dIdol\u201d 2025.<img   alt=\"\"\/><\/p>\n<p>Zelmerl\u00f6w tillbaka p\u00e5 scen under torsdagen.<\/p>\n<p>Foto: SANDER KONING \/ EPA ANP<\/p>\n<p>\u00d6ppna bild i helsk\u00e4rm<img loading=\"lazy\"   alt=\"\"\/><\/p>\n<p>Edsilia Rombley and M\u00e5ns Zelmerl\u00f6w.<\/p>\n<p>Foto: HOLLANDSE HOOGTE\/SHUTTERSTOCK \/ SHUTTERSTOCK EDITORIAL\/IBL<\/p>\n<p>\u00d6ppna bild i helsk\u00e4rm<img loading=\"lazy\"   alt=\"\"\/><\/p>\n<p>I somras gjorde artisten ett mindre gig i B\u00e5stad.<\/p>\n<p>Foto: JENS CHRISTIAN<\/p>\n<p>\u00d6ppna bild i helsk\u00e4rm<img loading=\"lazy\"   alt=\"\"\/><\/p>\n<p>Efter den turbulenta tiden kommer Zelmerl\u00f6w inte l\u00e4ngre vara en del av panelen i \u201dMasked singer\u201d.<\/p>\n<p>Foto: Karin T\u00f6rnblom \/ IBL<\/p>\n<p>\u00d6ppna bild i helsk\u00e4rm<img loading=\"lazy\"   alt=\"\"\/><\/p>\n<p>M\u00e5ns Zelmerl\u00f6w i \u00e5rets Melodifestival.<\/p>\n<p>Foto: SVEN LINDWALL<\/p>\n<p>\u00d6ppna bild i helsk\u00e4rm<\/p>\n<p>Mycket av M\u00e5ns Zelmerl\u00f6ws offentliga liv sattes p\u00e5 paus i samband med skilsm\u00e4ssan fr\u00e5n Ciara Janson tidigare i \u00e5r. Infekterade ordkrig, <a href=\"https:\/\/www.expressen.se\/noje\/tv-och-streaming\/mans-zelmerlow-petas-fran-masked-singer\/\" rel=\"nofollow noopener\" target=\"_blank\">avslutade<\/a> uppdrag, <a href=\"https:\/\/www.expressen.se\/noje\/zelmerlow-och-bjorkman-galan-blir-inte-av\/\" rel=\"nofollow noopener\" target=\"_blank\">inst\u00e4llda<\/a> evenemang och en v\u00e5rdnadstvist skakade om.<\/p>\n<p>I slutet av april ber\u00e4ttade Zelmerl\u00f6w om sitt kokainmissbruk i G\u00f6teborgs-Posten, n\u00e5got han nu s\u00f6kt hj\u00e4lp f\u00f6r och l\u00e4mnat bakom sig, enligt honom sj\u00e4lv.<\/p>\n<p>Skilsm\u00e4ssan landade ocks\u00e5 i en f\u00f6r honom tuff dom i tingsr\u00e4tten: Barnens hemvist ska vara hos sin mamma Ciara i Storbritannien.<\/p>\n<p>I b\u00f6rjan av sommaren st\u00e4llde Zelmerl\u00f6w in hela sin sommarturn\u00e9 f\u00f6r att f\u00e5 tid att fokusera p\u00e5 barnen.<\/p>\n<p>\u2013 Det k\u00e4nns fruktansv\u00e4rt. Det har varit den v\u00e4rsta tiden i mitt liv, <a href=\"https:\/\/www.expressen.se\/noje\/tingsratten-ger-ciara-janson-ratt-i-tvisten-med-mans-zelmerlow\/\" rel=\"nofollow noopener\" target=\"_blank\">sa<\/a> <a href=\"https:\/\/www.expressen.se\/tagg\/person\/mans-zelmerlow\/\" class=\"\" rel=\"nofollow noopener\" target=\"_blank\">M\u00e5ns Zelmerl\u00f6w<\/a> d\u00e5 i r\u00e4tten.<\/p>\n<p><a href=\"https:\/\/www.instagram.com\/p\/DRUEMRjjdzI\/?igsh=MWU2c3h4YmhnY2V0cg%3D%3D&amp;img_index=12\" data-provider=\"instagram\" class=\"js-social-embed\" rel=\"nofollow noopener\" target=\"_blank\">https:\/\/www.instagram.com\/p\/DRUEMRjjdzI\/?igsh=MWU2c3h4YmhnY2V0cg%3D%3D&amp;img_index=12<\/a><\/p>\n<p>F\u00f6r att komma tillbaka p\u00e5 f\u00f6tter har han bland annat tillbringat tid p\u00e5 ett <a href=\"https:\/\/www.expressen.se\/noje\/mans-zelmerlow-pa-retreat-i-dalarna-fatt-manga-insikter\/\" rel=\"nofollow noopener\" target=\"_blank\">retreat<\/a> i Dalarna och p\u00e5 sin egen g\u00e5rd d\u00e4r han fokuserat p\u00e5 att gr\u00e4va, bygga och tr\u00e4na.<\/p>\n<p>\u2013 Det var ett s\u00e4tt att hantera en m\u00f6rk period, men det jag verkligen beh\u00f6vde var att g\u00e5 in\u00e5t.<\/p>\n<p><a href=\"https:\/\/www.expressen.se\/noje\/mans-zelmerlow-pa-retreat-i-dalarna-fatt-manga-insikter\/\" rel=\"nofollow noopener\" target=\"_blank\">https:\/\/www.expressen.se\/noje\/mans-zelmerlow-pa-retreat-i-dalarna-fatt-manga-insikter\/<\/a><\/p>\n<p>Nu har M\u00e5ns Zelmerl\u00f6w \u00e5terv\u00e4nt till den stora scenen med ett gig p\u00e5 festivalen Het Grote Songfestivalfeest i Amsterdam, ett mecka f\u00f6r Eurovisionfans.\u00a0<\/p>\n<p>P\u00e5 festivalens Instagram ber\u00e4ttar artisten om k\u00e4nslan av att vara tillbaka igen efter sju m\u00e5nader borta fr\u00e5n de st\u00f6rre scenerna.<\/p>\n<p>\u2013 En s\u00e5 underbar kv\u00e4ll! Det h\u00e4r \u00e4r s\u00e5 speciellt f\u00f6r mig och precis vad jag beh\u00f6vde. Det \u00e4r tio \u00e5r sedan \u201dHeroes\u201d och publiken var grym p\u00e5 att sjunga med i l\u00e5ten och jag vill tacka er s\u00e5 mycket.<\/p>\n<p><script async src=\"\/\/www.instagram.com\/embed.js\"><\/script><\/p>\n","protected":false},"excerpt":{"rendered":"Publicerad 21 nov 2025 kl 17.04 Turn\u00e9, spelningar och evenemang st\u00e4lldes in efter turbulensen. Nu har M\u00e5ns Zelmerl\u00f6w&hellip;\n","protected":false},"author":2,"featured_media":86562,"comment_status":"","ping_status":"","sticky":false,"template":"","format":"standard","meta":{"footnotes":""},"categories":[67],"tags":[104,509,508,34,31,33,32,30,4771,310,9314,105],"class_list":{"0":"post-86561","1":"post","2":"type-post","3":"status-publish","4":"format-standard","5":"has-post-thumbnail","7":"category-underhallning","8":"tag-entertainment","9":"tag-person-ciara-janson","10":"tag-person-mans-zelmerlow","11":"tag-se","12":"tag-svenska","13":"tag-sverige","14":"tag-sweden","15":"tag-swedish","16":"tag-topic-barn","17":"tag-topic-kandisar","18":"tag-topic-skilsmassa","19":"tag-underhallning"},"share_on_mastodon":{"url":"https:\/\/pubeurope.com\/@se\/115588619532822090","error":""},"_links":{"self":[{"href":"https:\/\/www.europesays.com\/se\/wp-json\/wp\/v2\/posts\/86561","targetHints":{"allow":["GET"]}}],"collection":[{"href":"https:\/\/www.europesays.com\/se\/wp-json\/wp\/v2\/posts"}],"about":[{"href":"https:\/\/www.europesays.com\/se\/wp-json\/wp\/v2\/types\/post"}],"author":[{"embeddable":true,"href":"https:\/\/www.europesays.com\/se\/wp-json\/wp\/v2\/users\/2"}],"replies":[{"embeddable":true,"href":"https:\/\/www.europesays.com\/se\/wp-json\/wp\/v2\/comments?post=86561"}],"version-history":[{"count":0,"href":"https:\/\/www.europesays.com\/se\/wp-json\/wp\/v2\/posts\/86561\/revisions"}],"wp:featuredmedia":[{"embeddable":true,"href":"https:\/\/www.europesays.com\/se\/wp-json\/wp\/v2\/media\/86562"}],"wp:attachment":[{"href":"https:\/\/www.europesays.com\/se\/wp-json\/wp\/v2\/media?parent=86561"}],"wp:term":[{"taxonomy":"category","embeddable":true,"href":"https:\/\/www.europesays.com\/se\/wp-json\/wp\/v2\/categories?post=86561"},{"taxonomy":"post_tag","embeddable":true,"href":"https:\/\/www.europesays.com\/se\/wp-json\/wp\/v2\/tags?post=86561"}],"curies":[{"name":"wp","href":"https:\/\/api.w.org\/{rel}","templated":true}]}}