{"id":86577,"date":"2025-11-21T17:01:28","date_gmt":"2025-11-21T17:01:28","guid":{"rendered":"https:\/\/www.europesays.com\/se\/86577\/"},"modified":"2025-11-21T17:01:28","modified_gmt":"2025-11-21T17:01:28","slug":"emil-jonsson-haag-blir-tillforordnad-forbundskapten-vintersport","status":"publish","type":"post","link":"https:\/\/www.europesays.com\/se\/86577\/","title":{"rendered":"Emil J\u00f6nsson Haag blir tillf\u00f6rordnad f\u00f6rbundskapten | Vintersport"},"content":{"rendered":"<p>Publicerad 21 nov 2025 kl 14.18Uppdaterad kl 15.59<\/p>\n<p>Emil J\u00f6nsson Haag har ett nytt jobb. Han har utsetts som tillf\u00f6rordnad f\u00f6rbundskapten f\u00f6r paralandslaget i l\u00e4ngdskidor och skidskytte meddelar parasportf\u00f6rbundet.<\/p>\n<p>\u2013 Det \u00e4r med stor inspiration jag tar mig an det h\u00e4r uppdraget.<\/p>\n<p><img   alt=\"\"\/><\/p>\n<p>Emil J\u00f6nsson Haag<\/p>\n<p>Foto: CHRISTINE OLSSON \/ TT NYHETSBYR\u00c5N<\/p>\n<p>\u00d6ppna bild i helsk\u00e4rm<img loading=\"lazy\"   alt=\"\"\/><\/p>\n<p>Tillsammans med Zebastian Modin.<\/p>\n<p>Foto: MAXIM THORE \/ BILDBYR\u00c5N<\/p>\n<p>\u00d6ppna bild i helsk\u00e4rm<\/p>\n<p>Emil J\u00f6nsson Haag har en intensiv h\u00f6st bakom sig. Han och frun Anna har precis flyttat in i sitt nya hus i \u00c5re, som till slut blivit f\u00e4rdigt efter <a href=\"https:\/\/www.expressen.se\/sport\/langdskidor\/anna-jonsson-haags-chock-veckan-innan-flytt\/\" rel=\"nofollow noopener\" target=\"_blank\">vissa problem<\/a>. I dagarna blev det \u00e4ven klart att paret J\u00f6nsson Haag <a href=\"https:\/\/www.expressen.se\/sport\/langdskidor\/jonsson-haags-gladjebesked--huset-salt-\/\" rel=\"nofollow noopener\" target=\"_blank\">lyckats s\u00e4lja <\/a>sitt f\u00f6rra hus p\u00e5 Fr\u00f6s\u00f6n i \u00d6stersund, efter att det legat ut f\u00f6r f\u00f6rs\u00e4ljning sedan i mars.<\/p>\n<p>Och nu v\u00e4ntar n\u00e4sta utmaning f\u00f6r <a href=\"https:\/\/www.expressen.se\/tagg\/person\/emil-jonsson\/\" class=\"\" rel=\"nofollow noopener\" target=\"_blank\">Emil J\u00f6nsson<\/a> Haag. Han tar n\u00e4mligen \u00f6ver som tillf\u00f6rordnad f\u00f6rbundskapten f\u00f6r paralandslaget i l\u00e4ngdskidor och skidskytte. Det meddelar parasportf\u00f6rbundet i ett pressmeddelande.\u00a0<\/p>\n<p>J\u00f6nsson Haag tar \u00f6ver uppdraget direkt och leder laget \u00f6ver Paralympics som avg\u00f6rs i b\u00f6rjan av mars.<\/p>\n<p>\u2013 Det \u00e4r med stor inspiration jag tar mig an det h\u00e4r uppdraget. Jag k\u00e4nner \u00e5karna v\u00e4l och ser verkligen fram emot att tillsammans med \u00f6vriga ledarstab ge dem de b\u00e4sta m\u00f6jliga f\u00f6ruts\u00e4ttningarna under s\u00e4songen d\u00e4r den stora h\u00f6jdpunkten blir Paralympics i b\u00f6rjan av mars, s\u00e4ger Emil J\u00f6nsson Haag.<\/p>\n<p><strong>L\u00c4S MER: <\/strong><a href=\"https:\/\/www.expressen.se\/sport\/langdskidor\/jonsson-haags-gladjebesked--huset-salt-\/\" class=\"\" rel=\"nofollow noopener\" target=\"_blank\">J\u00f6nsson Haags gl\u00e4djebesked \u2013\u00a0huset s\u00e5lt<\/a><\/p>\n","protected":false},"excerpt":{"rendered":"Publicerad 21 nov 2025 kl 14.18Uppdaterad kl 15.59 Emil J\u00f6nsson Haag har ett nytt jobb. Han har utsetts&hellip;\n","protected":false},"author":2,"featured_media":86578,"comment_status":"","ping_status":"","sticky":false,"template":"","format":"standard","meta":{"footnotes":""},"categories":[5],"tags":[22,23,26,27,17,21,24,25,28,29,15,16,9315,18,34,1464,31,33,32,30,19,20],"class_list":{"0":"post-86577","1":"post","2":"type-post","3":"status-publish","4":"format-standard","5":"has-post-thumbnail","7":"category-rubriker","8":"tag-breaking-news","9":"tag-breakingnews","10":"tag-featured-news","11":"tag-featurednews","12":"tag-headlines","13":"tag-huvudnyheter","14":"tag-latest-news","15":"tag-latestnews","16":"tag-main-news","17":"tag-mainnews","18":"tag-news","19":"tag-nyheter","20":"tag-person-emil-jonsson","21":"tag-rubriker","22":"tag-se","23":"tag-sections-vintersport","24":"tag-svenska","25":"tag-sverige","26":"tag-sweden","27":"tag-swedish","28":"tag-top-stories","29":"tag-topstories"},"share_on_mastodon":{"url":"https:\/\/pubeurope.com\/@se\/115588765084553387","error":""},"_links":{"self":[{"href":"https:\/\/www.europesays.com\/se\/wp-json\/wp\/v2\/posts\/86577","targetHints":{"allow":["GET"]}}],"collection":[{"href":"https:\/\/www.europesays.com\/se\/wp-json\/wp\/v2\/posts"}],"about":[{"href":"https:\/\/www.europesays.com\/se\/wp-json\/wp\/v2\/types\/post"}],"author":[{"embeddable":true,"href":"https:\/\/www.europesays.com\/se\/wp-json\/wp\/v2\/users\/2"}],"replies":[{"embeddable":true,"href":"https:\/\/www.europesays.com\/se\/wp-json\/wp\/v2\/comments?post=86577"}],"version-history":[{"count":0,"href":"https:\/\/www.europesays.com\/se\/wp-json\/wp\/v2\/posts\/86577\/revisions"}],"wp:featuredmedia":[{"embeddable":true,"href":"https:\/\/www.europesays.com\/se\/wp-json\/wp\/v2\/media\/86578"}],"wp:attachment":[{"href":"https:\/\/www.europesays.com\/se\/wp-json\/wp\/v2\/media?parent=86577"}],"wp:term":[{"taxonomy":"category","embeddable":true,"href":"https:\/\/www.europesays.com\/se\/wp-json\/wp\/v2\/categories?post=86577"},{"taxonomy":"post_tag","embeddable":true,"href":"https:\/\/www.europesays.com\/se\/wp-json\/wp\/v2\/tags?post=86577"}],"curies":[{"name":"wp","href":"https:\/\/api.w.org\/{rel}","templated":true}]}}