{"id":86721,"date":"2025-11-21T22:05:09","date_gmt":"2025-11-21T22:05:09","guid":{"rendered":"https:\/\/www.europesays.com\/se\/86721\/"},"modified":"2025-11-21T22:05:09","modified_gmt":"2025-11-21T22:05:09","slug":"bjornattack-mot-skolklass-i-kanada-fyra-skadade","status":"publish","type":"post","link":"https:\/\/www.europesays.com\/se\/86721\/","title":{"rendered":"Bj\u00f6rnattack mot skolklass i Kanada \u2013 fyra skadade"},"content":{"rendered":"<p>Fyra personer \u00e4r allvarligt skadade efter att en grizzlybj\u00f6rn g\u00e5tt till attack mot en grupp vandrande elever i British Columbia i Kanada, rapporterar flera medier. Tre elever och en vuxen ska ha skadats. F\u00f6r tv\u00e5 av de drabbade uppges skadel\u00e4get vara kritiskt, enligt CBC. <\/p>\n<p>I ett uttalande uppger lokala myndigheter att l\u00e4rarna som var med ska ha f\u00f6rs\u00f6kt stoppa bj\u00f6rnen.<\/p>\n<p>\u2013 Jag vill tacka l\u00e4rarna f\u00f6r deras hj\u00e4ltemod, s\u00e4ger provinsens premi\u00e4rminister David Eby p\u00e5 en presskonferens.  <\/p>\n<p>Polisen letar fortfarande efter bj\u00f6rnen och inv\u00e5narna i staden Bella Coola uppmanas h\u00e5lla sig inomhus. <\/p>\n<p>Omni \u00e4r politiskt obundna och oberoende. Vi str\u00e4var efter att ge fler perspektiv p\u00e5 nyheterna. Har du fr\u00e5gor eller synpunkter kring v\u00e5r rapportering? <a href=\"https:\/\/omni.se\/bjornattack-mot-skolklass-i-kanada-fyra-skadade\/a\/mailto:redaktion@omni.se\" class=\"ArticleActions_contactLink__W2F1M\" rel=\"nofollow noopener\" target=\"_blank\">Kontakta redaktionen<\/a><\/p>\n","protected":false},"excerpt":{"rendered":"Fyra personer \u00e4r allvarligt skadade efter att en grizzlybj\u00f6rn g\u00e5tt till attack mot en grupp vandrande elever i&hellip;\n","protected":false},"author":2,"featured_media":86722,"comment_status":"","ping_status":"","sticky":false,"template":"","format":"standard","meta":{"footnotes":""},"categories":[5],"tags":[22,23,26,27,17,21,1091,24,25,28,29,15,268,16,18,34,31,33,32,30,19,20],"class_list":{"0":"post-86721","1":"post","2":"type-post","3":"status-publish","4":"format-standard","5":"has-post-thumbnail","7":"category-rubriker","8":"tag-breaking-news","9":"tag-breakingnews","10":"tag-featured-news","11":"tag-featurednews","12":"tag-headlines","13":"tag-huvudnyheter","14":"tag-kanada","15":"tag-latest-news","16":"tag-latestnews","17":"tag-main-news","18":"tag-mainnews","19":"tag-news","20":"tag-nordamerika","21":"tag-nyheter","22":"tag-rubriker","23":"tag-se","24":"tag-svenska","25":"tag-sverige","26":"tag-sweden","27":"tag-swedish","28":"tag-top-stories","29":"tag-topstories"},"share_on_mastodon":{"url":"https:\/\/pubeurope.com\/@se\/115589960369858573","error":""},"_links":{"self":[{"href":"https:\/\/www.europesays.com\/se\/wp-json\/wp\/v2\/posts\/86721","targetHints":{"allow":["GET"]}}],"collection":[{"href":"https:\/\/www.europesays.com\/se\/wp-json\/wp\/v2\/posts"}],"about":[{"href":"https:\/\/www.europesays.com\/se\/wp-json\/wp\/v2\/types\/post"}],"author":[{"embeddable":true,"href":"https:\/\/www.europesays.com\/se\/wp-json\/wp\/v2\/users\/2"}],"replies":[{"embeddable":true,"href":"https:\/\/www.europesays.com\/se\/wp-json\/wp\/v2\/comments?post=86721"}],"version-history":[{"count":0,"href":"https:\/\/www.europesays.com\/se\/wp-json\/wp\/v2\/posts\/86721\/revisions"}],"wp:featuredmedia":[{"embeddable":true,"href":"https:\/\/www.europesays.com\/se\/wp-json\/wp\/v2\/media\/86722"}],"wp:attachment":[{"href":"https:\/\/www.europesays.com\/se\/wp-json\/wp\/v2\/media?parent=86721"}],"wp:term":[{"taxonomy":"category","embeddable":true,"href":"https:\/\/www.europesays.com\/se\/wp-json\/wp\/v2\/categories?post=86721"},{"taxonomy":"post_tag","embeddable":true,"href":"https:\/\/www.europesays.com\/se\/wp-json\/wp\/v2\/tags?post=86721"}],"curies":[{"name":"wp","href":"https:\/\/api.w.org\/{rel}","templated":true}]}}