{"id":86723,"date":"2025-11-21T22:07:15","date_gmt":"2025-11-21T22:07:15","guid":{"rendered":"https:\/\/www.europesays.com\/se\/86723\/"},"modified":"2025-11-21T22:07:15","modified_gmt":"2025-11-21T22:07:15","slug":"maja-dahlqvist-vinner-premiaren-i-gallivare","status":"publish","type":"post","link":"https:\/\/www.europesays.com\/se\/86723\/","title":{"rendered":"Maja Dahlqvist vinner premi\u00e4ren i G\u00e4llivare"},"content":{"rendered":"<p>Publicerad 21 nov 2025 kl 13.40Uppdaterad kl 15.16<\/p>\n<p>Maja Dahlqvist visar storform direkt. I sprintpremi\u00e4ren i G\u00e4llivare knep hon segern f\u00f6re Jonna Sundling.<\/p>\n<p>\u2013\u00a0<\/p>\n<p><img loading=\"lazy\"   alt=\"\"\/> <\/p>\n<p>Foto: Ulf Palm\/TT \/ TT NYHETSBYR\u00c5N<\/p>\n<p>\u00d6ppna bild i helsk\u00e4rm<img loading=\"lazy\"   alt=\"\"\/> <\/p>\n<p>Foto: Ulf Palm\/TT \/ TT NYHETSBYR\u00c5N<\/p>\n<p>\u00d6ppna bild i helsk\u00e4rm<img loading=\"lazy\"   alt=\"\"\/> <\/p>\n<p>Foto: Ulf Palm\/TT \/ TT NYHETSBYR\u00c5N \/ FOTOGRAF ULF palm<\/p>\n<p>\u00d6ppna bild i helsk\u00e4rm<\/p>\n<p><a href=\"https:\/\/www.expressen.se\/tagg\/person\/maja-dahlqvist\/\" class=\"\" rel=\"nofollow noopener\" target=\"_blank\">Maja Dahlqvist<\/a> har inlett s\u00e4songen p\u00e5 b\u00e4sta s\u00e4tt. Under Sverigepremi\u00e4rien i G\u00e4llivare visade hon klassen redan fr\u00e5n start n\u00e4r hon var snabbast av alla i kvalet.<\/p>\n<p>\u2013 Det var h\u00e4rligt, sa Dahlqvist efter loppet.<\/p>\n<p>Och v\u00e4l i finalen fortsatte hon att visa att formen \u00e4r stark. Hon vann loppet f\u00f6re Jonna Sundling och Nadine F\u00e4hndrich fr\u00e5n Schweiz.<\/p>\n<p>\u2013 Oerh\u00f6rt imponerande, hon satte det hela v\u00e4gen, s\u00e4ger SVT:s expert Anders Blomquist.<\/p>\n<p>Maja Dahlqvist var mer \u00e4n n\u00f6jd.<\/p>\n<p>\u2013 J\u00e4ttesk\u00f6nt! Dessutom efter att ha vunnit prologen, det har jag inte gjort p\u00e5 v\u00e4ldigt l\u00e4nge, s\u00e4ger 31-\u00e5ringen.<\/p>\n<p>\u2013 Jag var v\u00e4ldigt os\u00e4ker var jag stod inf\u00f6r detta, s\u00e5 det var v\u00e4ldigt sk\u00f6nt.\u00a0<\/p>\n<p>Svensk seger p\u00e5 herrsidan<\/p>\n<p>\u00c4ven p\u00e5 herrsidan blev det svensk seger n\u00e4r Anton Grahn spurtade f\u00f6rbi Edvin Anger och b\u00e4rgade segern. Trea slutade Jesper Persson.<\/p>\n<p>\u2013 Skitkul! Det \u00e4r det h\u00e4r man har g\u00e5tt och v\u00e4ntat p\u00e5 i ett halv\u00e5r s\u00e5 det \u00e4r en underbar k\u00e4nsla, s\u00e4ger Grahn.<\/p>\n<p>Lika sk\u00f6n k\u00e4nsla var det inte p\u00e5 morgonkvisten. Efter sprintkvalet ber\u00e4ttade Anton Grahn att han hade haft sv\u00e5rt att \u00e4ta frukost p\u00e5 grund av nervositet.<\/p>\n<p>\u2013 Det mest nerv\u00f6sa jag varit p\u00e5 sex m\u00e5nader, men allt sl\u00e4ppte i finalerna.\u00a0<\/p>\n<p>Lite smolk i den svenska gl\u00e4djeb\u00e4garen var att Alvar Myhlback, som dittills imponerat, diskades efter en tjuvstart <a href=\"https:\/\/www.expressen.se\/sport\/langdskidor\/forvirring-i-svt-alvar-myhlback-diskad-i-sprinten\/\" rel=\"nofollow noopener\" target=\"_blank\">i semifinalen<\/a>.<\/p>\n<p><strong>L\u00c4S MER: <\/strong><a href=\"https:\/\/www.expressen.se\/sport\/langdskidor\/forvirring-i-svt-alvar-myhlback-diskad-i-sprinten\/\" class=\"\" rel=\"nofollow noopener\" target=\"_blank\">F\u00f6rvirring i SVT \u2013 Alvar Myhlback diskad i sprinten<\/a><\/p>\n","protected":false},"excerpt":{"rendered":"Publicerad 21 nov 2025 kl 13.40Uppdaterad kl 15.16 Maja Dahlqvist visar storform direkt. I sprintpremi\u00e4ren i G\u00e4llivare knep&hellip;\n","protected":false},"author":2,"featured_media":86724,"comment_status":"","ping_status":"","sticky":false,"template":"","format":"standard","meta":{"footnotes":""},"categories":[68],"tags":[4711,34,857,111,110,31,33,32,30],"class_list":{"0":"post-86723","1":"post","2":"type-post","3":"status-publish","4":"format-standard","5":"has-post-thumbnail","7":"category-sport","8":"tag-person-maja-dahlqvist","9":"tag-se","10":"tag-sections-langdskidor","11":"tag-sport","12":"tag-sports","13":"tag-svenska","14":"tag-sverige","15":"tag-sweden","16":"tag-swedish"},"share_on_mastodon":{"url":"https:\/\/pubeurope.com\/@se\/115589968275102383","error":""},"_links":{"self":[{"href":"https:\/\/www.europesays.com\/se\/wp-json\/wp\/v2\/posts\/86723","targetHints":{"allow":["GET"]}}],"collection":[{"href":"https:\/\/www.europesays.com\/se\/wp-json\/wp\/v2\/posts"}],"about":[{"href":"https:\/\/www.europesays.com\/se\/wp-json\/wp\/v2\/types\/post"}],"author":[{"embeddable":true,"href":"https:\/\/www.europesays.com\/se\/wp-json\/wp\/v2\/users\/2"}],"replies":[{"embeddable":true,"href":"https:\/\/www.europesays.com\/se\/wp-json\/wp\/v2\/comments?post=86723"}],"version-history":[{"count":0,"href":"https:\/\/www.europesays.com\/se\/wp-json\/wp\/v2\/posts\/86723\/revisions"}],"wp:featuredmedia":[{"embeddable":true,"href":"https:\/\/www.europesays.com\/se\/wp-json\/wp\/v2\/media\/86724"}],"wp:attachment":[{"href":"https:\/\/www.europesays.com\/se\/wp-json\/wp\/v2\/media?parent=86723"}],"wp:term":[{"taxonomy":"category","embeddable":true,"href":"https:\/\/www.europesays.com\/se\/wp-json\/wp\/v2\/categories?post=86723"},{"taxonomy":"post_tag","embeddable":true,"href":"https:\/\/www.europesays.com\/se\/wp-json\/wp\/v2\/tags?post=86723"}],"curies":[{"name":"wp","href":"https:\/\/api.w.org\/{rel}","templated":true}]}}