{"id":86760,"date":"2025-11-22T00:54:13","date_gmt":"2025-11-22T00:54:13","guid":{"rendered":"https:\/\/www.europesays.com\/se\/86760\/"},"modified":"2025-11-22T00:54:13","modified_gmt":"2025-11-22T00:54:13","slug":"robin-21-dog-i-olyckan-i-gavle-kvinna-utan-korkort-atalas","status":"publish","type":"post","link":"https:\/\/www.europesays.com\/se\/86760\/","title":{"rendered":"Robin, 21, dog i olyckan i G\u00e4vle \u2013 kvinna utan k\u00f6rkort \u00e5talas"},"content":{"rendered":"<p>Publicerad 21 nov 2025 kl 21.51<\/p>\n<p>Kollegerna skulle bara \u00e5ka och k\u00f6pa nattmat.<\/p>\n<p>Men p\u00e5 v\u00e4gen dit kraschade de rakt in i ett tr\u00e4d \u2013 i 154 kilometer i timmen.<\/p>\n<p>Robin, 21, och ytterligare en ung man dog.<\/p>\n<p>\u2013 Allts\u00e5 jag bromsade. Men bilen stannade inte, s\u00e4ger f\u00f6raren, som nu har \u00e5talats.<\/p>\n<p>Nyheter, reportage och analyser i Sverige och i \u00f6vriga v\u00e4rlden.<img   alt=\"\"\/><\/p>\n<p>Robin Henriksson, 21, var glad \u00f6ver sitt nya jobb och s\u00e5g fram emot att flytta hem till Kalix fr\u00e5n Uddevalla efter sommaren.<\/p>\n<p>Foto: Privat<\/p>\n<p>\u00d6ppna bild i helsk\u00e4rm<img loading=\"lazy\"   alt=\"\"\/><\/p>\n<p>Bilden visar var kraschen skedde. Men vid olyckstillf\u00e4llet var det uppeh\u00e5ll och torrt p\u00e5 v\u00e4gbanan.<\/p>\n<p>Foto: Polisen<\/p>\n<p>\u00d6ppna bild i helsk\u00e4rm<img loading=\"lazy\"   alt=\"\"\/><\/p>\n<p>R\u00e4ddningsledaren beskriver det som att ett tr\u00e4d \u201dlikt en konserv\u00f6ppnare skalat av taket\u201d p\u00e5 bilen. N\u00e4r han kom fram r\u00e5dde \u201dlugnt kaos\u201d p\u00e5 platsen.<\/p>\n<p>Foto: Polisen<\/p>\n<p>\u00d6ppna bild i helsk\u00e4rm<img loading=\"lazy\"   alt=\"\"\/><\/p>\n<p>Ett vittne, som umg\u00e5tts med bilf\u00f6raren under utbildningsveckan, s\u00e4ger att han \u201dblivit ganska van med att hon k\u00f6r snabbt\u201d. H\u00e4r syns ett tr\u00e4d bilen kraschat in i.<\/p>\n<p>Foto: Polisen<\/p>\n<p>\u00d6ppna bild i helsk\u00e4rm<img loading=\"lazy\"   alt=\"\"\/><\/p>\n<p>Sp\u00e5r fr\u00e5n avk\u00f6rningen. Enligt kvinnan k\u00f6rde hon av v\u00e4gen n\u00e4r hon f\u00f6rs\u00f6kte stanna, p\u00e5 grund av att det var \u201dst\u00f6kigt\u201d och \u201dh\u00f6gljutt\u201d i bilen.<\/p>\n<p>Foto: Polisen<\/p>\n<p>\u00d6ppna bild i helsk\u00e4rmArtikeln i korthet<\/p>\n<p>\u25a0 Tv\u00e5 unga m\u00e4n dog n\u00e4r en bil kraschade in i ett tr\u00e4d i 154 km\/h p\u00e5 en 70-v\u00e4g.<\/p>\n<p>\u25a0 F\u00f6raren, som inte hade k\u00f6rkort, \u00e5talas f\u00f6r flera grova brott.<\/p>\n<p>\u25a0 Vittnen ber\u00e4ttar om f\u00f6rs\u00f6k att d\u00f6lja vem som k\u00f6rde, och om att kvinnan k\u00f6rt v\u00e5rdsl\u00f6st hela veckan.<\/p>\n<p>\u25a0 F\u00f6raren f\u00f6rnekar brott, och s\u00e4ger att hon blev st\u00f6rd under f\u00e4rden och att bromsarna var d\u00e5liga.<\/p>\n<p>Visa mer<\/p>\n<p>Klockan b\u00f6rjar n\u00e4rma sig 02 den 6 juni n\u00e4r ett g\u00e4ng unga vuxna, som <a href=\"https:\/\/www.expressen.se\/nyheter\/sverige\/tva-unga-dog-i-olyckan-i-gavle-var-pa-kurs-med-nya-jobbet\/\" rel=\"nofollow noopener\" target=\"_blank\">\u00e4r p\u00e5 utbildning utanf\u00f6r G\u00e4vle med sitt nya jobb<\/a>, best\u00e4mmer sig f\u00f6r att k\u00f6ra till McDonald&#8217;s.<\/p>\n<p>Tv\u00e5 personer som \u00e4r nyktra s\u00e4tter sig bakom ratten p\u00e5 tv\u00e5 av f\u00f6retagets bilar, som de f\u00e5r l\u00e5na under utbildningsveckan.<\/p>\n<p>Sen drar en av dem, enligt vittnen, \u201di v\u00e4g i h\u00f6g fart\u201d.<\/p>\n<p>Snart ser de som f\u00e4rdas i den andra bilen hur f\u00f6raren fr\u00e5n den f\u00f6rsta vinkar \u00e5t dem fr\u00e5n v\u00e4gkanten. Bilen hon har k\u00f6rt st\u00e5r i en skogsdunge.<\/p>\n<p>Den \u00e4r totalkvaddad och blodig, och taket \u00e4r bortslitet.<\/p>\n<p>\u2013 Vi s\u00e5g att bilen l\u00e5g d\u00e4r, jag f\u00f6rst\u00e5r inte hur den hamnat d\u00e4r, men den m\u00e5ste flugit och studsat, ber\u00e4ttar en av passagerarna i den andra bilen f\u00f6r polisen.<\/p>\n<p>\u2013 Det \u00e4r hemska bilder i huvudet.<\/p>\n<p>Hade inte k\u00f6rkort<\/p>\n<p>I polisutredningen framkommer det att f\u00f6raren, en kvinna i 25-\u00e5rs\u00e5ldern, k\u00f6rde i 154 kilometer i timmen \u2013 p\u00e5 en 70-v\u00e4g. I en kurva \u00e5kte hon av v\u00e4gen, och kraschade in i en sten och ett tr\u00e4d.<\/p>\n<p>Sen f\u00f6rs\u00f6kte hon, enligt vittnen, \u00f6vertyga sina kolleger i den andra bilen att ljuga och s\u00e4ga att det inte var hon som k\u00f6rde.<\/p>\n<p>Tv\u00e5 personer dog i kraschen: <a href=\"https:\/\/www.expressen.se\/nyheter\/sverige\/robin-21-dog-i-svara-olyckan--utanfor-gavle-omtyckt-av-alla\/\" rel=\"nofollow noopener\" target=\"_blank\">den 21-\u00e5riga ishockeyfantasten Robin Henriksson fr\u00e5n Kalix<\/a>, och en annan man i 20-\u00e5rs\u00e5ldern.<\/p>\n<p>Ytterligare en passagerare, en kvinna i 30-\u00e5rs\u00e5ldern, skadades sv\u00e5rt.\u00a0<\/p>\n<p>Nu har f\u00f6raren \u00e5talats f\u00f6r tv\u00e5 fall av grovt v\u00e5llande till annans d\u00f6d, grovt v\u00e5llande till kroppsskada, olovlig k\u00f6rning och grov v\u00e5rdsl\u00f6shet i trafik.<\/p>\n<p>Kvinnan, som aldrig har haft k\u00f6rkort, erk\u00e4nner olovlig k\u00f6rning men nekar till \u00f6vriga brott.<\/p>\n<p>F\u00f6rsvaret: D\u00e5liga bromsar och d\u00e4ck<\/p>\n<p>I f\u00f6rh\u00f6r ber\u00e4ttar hon att de andra bad henne k\u00f6ra eftersom de sj\u00e4lva hade druckit, och att hon \u201dsa ja till slut\u201d. Men det blev en st\u00f6kig f\u00e4rd, enligt kvinnan, som s\u00e4ger att det bland annat spilldes alkohol och \u201dkastades runt\u201d cigaretter och t\u00e4ndare i bilen. Hon uppger att hon ocks\u00e5 blev st\u00f6rd av att passagerarna drog i henne och f\u00f6rs\u00f6kte ta hennes telefon f\u00f6r att byta musik.<\/p>\n<p>Annons<\/p>\n<p>Hon best\u00e4mde sig d\u00e5 f\u00f6r att stanna, men menar att det inte gick.<\/p>\n<p>\u2013 Varf\u00f6r jag k\u00f6rde av v\u00e4gen var av tre anledningar. J\u00e4tted\u00e5liga bromsar. Och j\u00e4tted\u00e5liga d\u00e4ck. N\u00e4r jag bromsade s\u00e5&#8230; Bromsarna funkade knappt, de var s\u00e5 d\u00e5liga. Och d\u00e4cken hade s\u00e5 d\u00e5ligt f\u00e4ste p\u00e5 v\u00e4gen, s\u00e4ger bilf\u00f6raren.<\/p>\n<p>Vittnen: K\u00f6rt f\u00f6r fort tidigare<\/p>\n<p>Hon forts\u00e4tter:<\/p>\n<p>\u2013 Och d\u00e5 t\u00e4nkte jag att det \u00e4r b\u00e4ttre att jag k\u00f6r in i skogen \u00e4n att k\u00f6ra in i alla andra fordon som kommer framf\u00f6r mig. Jag vet inte om det var s\u00e5 bra i efterhand eftersom det blev s\u00e5 grova skador.<\/p>\n<p>Om hon k\u00f6rde i 154 kilometer i timmen var det f\u00f6r att hon trampade p\u00e5 gasen av misstag n\u00e4r hon blev st\u00f6rd, menar kvinnan.<\/p>\n<p>Kolleger uppger dock att hon hade k\u00f6rt v\u00e5rdsl\u00f6st och f\u00f6r fort hela veckan, och att de f\u00f6rs\u00f6kt prata med henne f\u00f6r att f\u00e5 henne att k\u00f6ra f\u00f6rsiktigare.<\/p>\n<p>Polisen har inte hittat n\u00e5gon brist eller skada p\u00e5 bilen, som skulle kunna ha orsakat kraschen.<\/p>\n","protected":false},"excerpt":{"rendered":"Publicerad 21 nov 2025 kl 21.51 Kollegerna skulle bara \u00e5ka och k\u00f6pa nattmat. Men p\u00e5 v\u00e4gen dit kraschade&hellip;\n","protected":false},"author":2,"featured_media":86761,"comment_status":"","ping_status":"","sticky":false,"template":"","format":"standard","meta":{"footnotes":""},"categories":[5],"tags":[22,23,26,27,17,21,24,25,918,28,29,15,16,18,34,154,31,33,32,30,19,427,136,4070,20],"class_list":{"0":"post-86760","1":"post","2":"type-post","3":"status-publish","4":"format-standard","5":"has-post-thumbnail","7":"category-rubriker","8":"tag-breaking-news","9":"tag-breakingnews","10":"tag-featured-news","11":"tag-featurednews","12":"tag-headlines","13":"tag-huvudnyheter","14":"tag-latest-news","15":"tag-latestnews","16":"tag-location-gavle","17":"tag-main-news","18":"tag-mainnews","19":"tag-news","20":"tag-nyheter","21":"tag-rubriker","22":"tag-se","23":"tag-sections-sverige","24":"tag-svenska","25":"tag-sverige","26":"tag-sweden","27":"tag-swedish","28":"tag-top-stories","29":"tag-topic-dodsfall","30":"tag-topic-rattegangar-domar","31":"tag-topic-trafikolycka","32":"tag-topstories"},"share_on_mastodon":{"url":"https:\/\/pubeurope.com\/@se\/115590624949867846","error":""},"_links":{"self":[{"href":"https:\/\/www.europesays.com\/se\/wp-json\/wp\/v2\/posts\/86760","targetHints":{"allow":["GET"]}}],"collection":[{"href":"https:\/\/www.europesays.com\/se\/wp-json\/wp\/v2\/posts"}],"about":[{"href":"https:\/\/www.europesays.com\/se\/wp-json\/wp\/v2\/types\/post"}],"author":[{"embeddable":true,"href":"https:\/\/www.europesays.com\/se\/wp-json\/wp\/v2\/users\/2"}],"replies":[{"embeddable":true,"href":"https:\/\/www.europesays.com\/se\/wp-json\/wp\/v2\/comments?post=86760"}],"version-history":[{"count":0,"href":"https:\/\/www.europesays.com\/se\/wp-json\/wp\/v2\/posts\/86760\/revisions"}],"wp:featuredmedia":[{"embeddable":true,"href":"https:\/\/www.europesays.com\/se\/wp-json\/wp\/v2\/media\/86761"}],"wp:attachment":[{"href":"https:\/\/www.europesays.com\/se\/wp-json\/wp\/v2\/media?parent=86760"}],"wp:term":[{"taxonomy":"category","embeddable":true,"href":"https:\/\/www.europesays.com\/se\/wp-json\/wp\/v2\/categories?post=86760"},{"taxonomy":"post_tag","embeddable":true,"href":"https:\/\/www.europesays.com\/se\/wp-json\/wp\/v2\/tags?post=86760"}],"curies":[{"name":"wp","href":"https:\/\/api.w.org\/{rel}","templated":true}]}}