{"id":86768,"date":"2025-11-22T01:32:08","date_gmt":"2025-11-22T01:32:08","guid":{"rendered":"https:\/\/www.europesays.com\/se\/86768\/"},"modified":"2025-11-22T01:32:08","modified_gmt":"2025-11-22T01:32:08","slug":"8-sidor-trump-motte-prinsen","status":"publish","type":"post","link":"https:\/\/www.europesays.com\/se\/86768\/","title":{"rendered":"8 Sidor &#8211; Trump m\u00f6tte prinsen"},"content":{"rendered":"<p>P\u00e5 onsdagen var det<br \/>ett m\u00f6te mellan<br \/>tv\u00e5 viktiga ledare<br \/>i v\u00e4rlden.<\/p>\n<p>Saudiarabiens prins<br \/>och statsminister<br \/>Mohammed bin Salman<br \/>tr\u00e4ffade USAs<br \/>ledare Donald Trump.<\/p>\n<p>M\u00f6tet var i USA.<br \/>Det var f\u00f6rsta g\u00e5ngen<br \/>som bin Salman var i USA<br \/>efter mordet p\u00e5 journalisten<br \/>Jamal Khashoggi.<\/p>\n<p>Saudiarabiska soldater<br \/>m\u00f6rdade Jamal Khashoggi<br \/>i staden Istanbul i Turkiet.<br \/>Det var \u00e5r 2018.<\/p>\n<p>Jamal Khashoggi blev m\u00f6rdad<br \/>f\u00f6r att han var kritisk<br \/>mot ledarna i Saudiarabien.<br \/>Det s\u00e4ger experter.<\/p>\n<p>Under m\u00f6tet i USA<br \/>blev Donald Trump arg<br \/>p\u00e5 journalisten Mary Bruce.<br \/>Hon fr\u00e5gade om mordet<br \/>p\u00e5 Jamal Khashoggi.<\/p>\n<p>\u2013 Bin Salman visste inget<br \/>om mordet, sa Trump p\u00e5 m\u00f6tet.<\/p>\n<p>Men en unders\u00f6kning<br \/>fr\u00e5n den amerikanska myndigheten DNI<br \/>s\u00e4ger att Mohammed Bin Salman<br \/>sa ja till mordet.<\/p>\n<p>Efter m\u00f6tet sa Trump<br \/>att han vill stoppa<br \/>kanalen ABC news.<br \/>Journalisten Mary Bruce<br \/>jobbar d\u00e4r.<\/p>\n<p>\u2013 Era nyheter \u00e4r falska,<br \/>sa Donald Trump.<\/p>\n<p>M\u00f6tet mellan ledarna<br \/>handlade ocks\u00e5<br \/>om andra saker.<\/p>\n<p>Mohammed bin Salman<br \/>sa att Saudiarabien<br \/>ska\u00a0k\u00f6pa flygplan<br \/>och stridsvagnar av USA.<br \/>Flygplanen \u00e4r till<br \/>f\u00f6r att anv\u00e4ndas i krig.<br \/>Flygplanen och stridsvagnarna<br \/>kostar n\u00e4stan tio biljoner<br \/>svenska kronor.<\/p>\n<p>P\u00e5 ett senare m\u00f6te<br \/>pratade Donald Trump<br \/>ocks\u00e5 om kriget<br \/>i landet Sudan.<\/p>\n<p>Trump sa att Mohammed bin Salman<br \/>bett Trump att stoppa kriget.<\/p>\n<p>Nu ska USA arbeta<br \/>tillsammans med bland annat<br \/>Saudiarabien och Egypten<br \/>f\u00f6r att f\u00e5 fred i Sudan.<br \/>Det skriver Donald Trump<br \/>p\u00e5 sin sajt p\u00e5 internet.<\/p>\n<p>8 SIDOR\/TT<\/p>\n","protected":false},"excerpt":{"rendered":"P\u00e5 onsdagen var detett m\u00f6te mellantv\u00e5 viktiga ledarei v\u00e4rlden. Saudiarabiens prinsoch statsministerMohammed bin Salmantr\u00e4ffade USAsledare Donald Trump. M\u00f6tet&hellip;\n","protected":false},"author":2,"featured_media":86769,"comment_status":"","ping_status":"","sticky":false,"template":"","format":"standard","meta":{"footnotes":""},"categories":[14],"tags":[22,23,26,27,17,21,24,25,28,29,15,16,18,34,31,33,32,30,19,20,51,52,53,54],"class_list":{"0":"post-86768","1":"post","2":"type-post","3":"status-publish","4":"format-standard","5":"has-post-thumbnail","7":"category-varlden","8":"tag-breaking-news","9":"tag-breakingnews","10":"tag-featured-news","11":"tag-featurednews","12":"tag-headlines","13":"tag-huvudnyheter","14":"tag-latest-news","15":"tag-latestnews","16":"tag-main-news","17":"tag-mainnews","18":"tag-news","19":"tag-nyheter","20":"tag-rubriker","21":"tag-se","22":"tag-svenska","23":"tag-sverige","24":"tag-sweden","25":"tag-swedish","26":"tag-top-stories","27":"tag-topstories","28":"tag-varlden","29":"tag-world","30":"tag-world-news","31":"tag-worldnews"},"share_on_mastodon":{"url":"https:\/\/pubeurope.com\/@se\/115590774426065671","error":""},"_links":{"self":[{"href":"https:\/\/www.europesays.com\/se\/wp-json\/wp\/v2\/posts\/86768","targetHints":{"allow":["GET"]}}],"collection":[{"href":"https:\/\/www.europesays.com\/se\/wp-json\/wp\/v2\/posts"}],"about":[{"href":"https:\/\/www.europesays.com\/se\/wp-json\/wp\/v2\/types\/post"}],"author":[{"embeddable":true,"href":"https:\/\/www.europesays.com\/se\/wp-json\/wp\/v2\/users\/2"}],"replies":[{"embeddable":true,"href":"https:\/\/www.europesays.com\/se\/wp-json\/wp\/v2\/comments?post=86768"}],"version-history":[{"count":0,"href":"https:\/\/www.europesays.com\/se\/wp-json\/wp\/v2\/posts\/86768\/revisions"}],"wp:featuredmedia":[{"embeddable":true,"href":"https:\/\/www.europesays.com\/se\/wp-json\/wp\/v2\/media\/86769"}],"wp:attachment":[{"href":"https:\/\/www.europesays.com\/se\/wp-json\/wp\/v2\/media?parent=86768"}],"wp:term":[{"taxonomy":"category","embeddable":true,"href":"https:\/\/www.europesays.com\/se\/wp-json\/wp\/v2\/categories?post=86768"},{"taxonomy":"post_tag","embeddable":true,"href":"https:\/\/www.europesays.com\/se\/wp-json\/wp\/v2\/tags?post=86768"}],"curies":[{"name":"wp","href":"https:\/\/api.w.org\/{rel}","templated":true}]}}