{"id":86810,"date":"2025-11-22T03:53:15","date_gmt":"2025-11-22T03:53:15","guid":{"rendered":"https:\/\/www.europesays.com\/se\/86810\/"},"modified":"2025-11-22T03:53:15","modified_gmt":"2025-11-22T03:53:15","slug":"enskede-ik-anmaler-bk-hacken","status":"publish","type":"post","link":"https:\/\/www.europesays.com\/se\/86810\/","title":{"rendered":"Enskede IK anm\u00e4ler BK H\u00e4cken"},"content":{"rendered":"<p>Publicerad 21 nov 2025 kl 12.02Uppdaterad kl 15.32<\/p>\n<p>BK H\u00e4cken har tv\u00e5 lag i seriespel p\u00e5 damsidan.<\/p>\n<p>Nu kopplar Enskede in advokater f\u00f6r att f\u00e5 ett av lagens plats i Elitettan.<\/p>\n<p>\u2013 S\u00e5 kan vi inte ha det i svensk fotboll, s\u00e4ger advokaten Stefan Alv\u00e9n.<\/p>\n<p><img   alt=\"\"\/><\/p>\n<p>BK H\u00e4cken har tv\u00e5 lag i seriespel p\u00e5 damsidan.<\/p>\n<p>Foto: JESPER ZERMAN \/ BILDBYR\u00c5N<\/p>\n<p>\u00d6ppna bild i helsk\u00e4rm<\/p>\n<p>H\u00e4cken har tv\u00e5 lag i f\u00f6rbundsserierna p\u00e5 damsidan.<\/p>\n<p>BK H\u00e4cken FF tog SM-guld.\u00a0<\/p>\n<p>BK H\u00e4cken slutade nia i elitettan.<\/p>\n<p>I f\u00f6rbundets t\u00e4vlingsbest\u00e4mmelser st\u00e5r det tydligt:<\/p>\n<p>\u201dEndast representationslag f\u00e5r delta i f\u00f6rbundsserierna eller i kval till f\u00f6rbundsserierna\u201d.\u00a0<\/p>\n<p>P\u00e5 damsidan omfattas damallsvenskan, elitettan och division 1.<\/p>\n<p>Agerar r\u00e4ttsligt \u2013 vill se H\u00e4cken uteslutna<\/p>\n<p>Nu v\u00e4ljer Enskede IK att agera.\u00a0<\/p>\n<p>De vill att f\u00f6rbundet utreder BK H\u00e4cken. Att de hindras fr\u00e5n att delta med tv\u00e5 lag i cupen och att de blir av med sin plats i elitettan. V\u00e4rt att po\u00e4ngtera \u00e4r att H\u00e4cken i dag endast har sitt damallsvenska lag med i cupspelet f\u00f6r 2026.<\/p>\n<p>Skulle H\u00e4cken tvingas ge upp platsen i Elitettan \u00e4r det just Enskede som tar deras plats, enligt t\u00e4vlingsbest\u00e4mmelserna. Detta d\u00e5 EIK var b\u00e4sta tabelltv\u00e5a i division 1-serierna.<\/p>\n<p>H\u00e4ckens klubbchef Marcus Jodin oroar sig d\u00e4remot inte \u00f6ver framtiden.<\/p>\n<p>\u2013 Fr\u00e5n v\u00e5rt perspektiv ser vi inget annat \u00e4n att vi kommer att ha b\u00e5da v\u00e5ra f\u00f6reningar i seriespel. Men \u00e5terigen, det \u00e4r ju inte v\u00e5r fr\u00e5ga. Men jag skulle bli mycket f\u00f6rv\u00e5nad om f\u00f6rbundet kom fram till n\u00e5got annat, s\u00e4ger han.\u00a0<\/p>\n<p>\u201dS\u00e5 kan vi inte ha det i svensk fotboll\u201d<\/p>\n<p>Formellt bedriver BK H\u00e4cken sin verksamhet i tv\u00e5 olika f\u00f6reningar.\u00a0<\/p>\n<p>\u2013 Men de agerar som om de vore en och samma, s\u00e4ger Enskedes advokat Stefan Alv\u00e9n till Expressen.<\/p>\n<p>De delar matchst\u00e4ll, namn och tr\u00e4ningsplan. Dessutom blir man automatiskt medlem i BK H\u00e4cken FF om man \u00e4r medlem i BK H\u00e4cken.\u00a0<\/p>\n<p>\u2013 Det g\u00f6r att f\u00f6reningar, om det h\u00e4r till\u00e5ts, kan skapa en f\u00f6rening med en medlemsbas och sen bara duplicera basen i tv\u00e5, tre, fyra, fem, sex f\u00f6reningar. S\u00e5 kan vi inte ha det i svensk fotboll, s\u00e4ger Alv\u00e9n.\u00a0<\/p>\n<p>H\u00e4ckens svar: \u201dBeh\u00f6ver ses \u00f6ver\u201d<\/p>\n<p>Marcus Jodin svarar.\u00a0<\/p>\n<p>\u2013 Rent juridiskt \u00e4r det tv\u00e5 f\u00f6reningar med tv\u00e5 organisationsnummer. Om man vill g\u00f6ra andra juridiska tolkningar \u00e4n just det s\u00e5 \u00e4r det en fr\u00e5ga f\u00f6r f\u00f6rbundet att svara p\u00e5. F\u00f6r oss s\u00e5 \u00e4r det tv\u00e5 f\u00f6reningar p\u00e5 samma s\u00e4tt som det \u00e4r tv\u00e5 organisationsnummer. Men den fr\u00e5gan tror jag f\u00e5r riktas till f\u00f6rbundet snarare \u00e4n till oss.<\/p>\n<p>Jodin f\u00f6rklarar att det \u00e4r \u00e5rsm\u00f6tets beslut att spegla klubbarnas stadgar, val av styrelse samt medlemskap.<\/p>\n<p>\u2013 Vi har f\u00f6rst\u00e5tt att Enskede vill anv\u00e4nda det som argumentation f\u00f6r att det \u00e4r en f\u00f6rening men vi ser det inte s\u00e5, utifr\u00e5n att det \u00e4r tv\u00e5 juridiska personer med olika organisationsnummer och tillh\u00f6rande stadgar. Att spegla dem var ett val v\u00e5rt \u00e5rsm\u00f6te gjorde vid \u00f6vertagandet av Kopparberg\/G\u00f6teborgs lag 2021 och vi har drivit verksamheten p\u00e5 det h\u00e4r s\u00e4ttet i fem \u00e5r nu, med Svenska Fotbollsf\u00f6rbundets goda minne, inleder han och forts\u00e4tter.<\/p>\n<p>\u2013 Vi kan inte se att SvFF skulle g\u00f6ra n\u00e5gon annan bed\u00f6mning h\u00e4r och nu utifr\u00e5n att Enskede v\u00e4ckt den h\u00e4r fr\u00e5gan. D\u00e4remot \u00e4r vi eniga med f\u00f6rbundets utredning, att hanteringen av klonf\u00f6reningar och andralag beh\u00f6ver ses \u00f6ver.\u00a0<\/p>\n<p><strong>L\u00c4S MER: <\/strong><a href=\"https:\/\/www.expressen.se\/sport\/fotboll\/rosta-fram-arets-mal-i-elitettan-2025\/\" class=\"\" rel=\"nofollow noopener\" target=\"_blank\">R\u00f6sta fram \u00e5rets m\u00e5l i elitettan 2025<\/a><\/p>\n","protected":false},"excerpt":{"rendered":"Publicerad 21 nov 2025 kl 12.02Uppdaterad kl 15.32 BK H\u00e4cken har tv\u00e5 lag i seriespel p\u00e5 damsidan. Nu&hellip;\n","protected":false},"author":2,"featured_media":86811,"comment_status":"","ping_status":"","sticky":false,"template":"","format":"standard","meta":{"footnotes":""},"categories":[5],"tags":[22,23,26,27,17,21,24,25,28,29,15,16,18,34,226,129,31,33,32,30,19,20],"class_list":{"0":"post-86810","1":"post","2":"type-post","3":"status-publish","4":"format-standard","5":"has-post-thumbnail","7":"category-rubriker","8":"tag-breaking-news","9":"tag-breakingnews","10":"tag-featured-news","11":"tag-featurednews","12":"tag-headlines","13":"tag-huvudnyheter","14":"tag-latest-news","15":"tag-latestnews","16":"tag-main-news","17":"tag-mainnews","18":"tag-news","19":"tag-nyheter","20":"tag-rubriker","21":"tag-se","22":"tag-sections-damallsvenskan","23":"tag-sections-fotboll","24":"tag-svenska","25":"tag-sverige","26":"tag-sweden","27":"tag-swedish","28":"tag-top-stories","29":"tag-topstories"},"share_on_mastodon":{"url":"https:\/\/pubeurope.com\/@se\/115591328704982968","error":""},"_links":{"self":[{"href":"https:\/\/www.europesays.com\/se\/wp-json\/wp\/v2\/posts\/86810","targetHints":{"allow":["GET"]}}],"collection":[{"href":"https:\/\/www.europesays.com\/se\/wp-json\/wp\/v2\/posts"}],"about":[{"href":"https:\/\/www.europesays.com\/se\/wp-json\/wp\/v2\/types\/post"}],"author":[{"embeddable":true,"href":"https:\/\/www.europesays.com\/se\/wp-json\/wp\/v2\/users\/2"}],"replies":[{"embeddable":true,"href":"https:\/\/www.europesays.com\/se\/wp-json\/wp\/v2\/comments?post=86810"}],"version-history":[{"count":0,"href":"https:\/\/www.europesays.com\/se\/wp-json\/wp\/v2\/posts\/86810\/revisions"}],"wp:featuredmedia":[{"embeddable":true,"href":"https:\/\/www.europesays.com\/se\/wp-json\/wp\/v2\/media\/86811"}],"wp:attachment":[{"href":"https:\/\/www.europesays.com\/se\/wp-json\/wp\/v2\/media?parent=86810"}],"wp:term":[{"taxonomy":"category","embeddable":true,"href":"https:\/\/www.europesays.com\/se\/wp-json\/wp\/v2\/categories?post=86810"},{"taxonomy":"post_tag","embeddable":true,"href":"https:\/\/www.europesays.com\/se\/wp-json\/wp\/v2\/tags?post=86810"}],"curies":[{"name":"wp","href":"https:\/\/api.w.org\/{rel}","templated":true}]}}