{"id":86851,"date":"2025-11-22T07:15:13","date_gmt":"2025-11-22T07:15:13","guid":{"rendered":"https:\/\/www.europesays.com\/se\/86851\/"},"modified":"2025-11-22T07:15:13","modified_gmt":"2025-11-22T07:15:13","slug":"taylor-greene-lamnar-kongressen-efter-trumpbrak","status":"publish","type":"post","link":"https:\/\/www.europesays.com\/se\/86851\/","title":{"rendered":"Taylor Greene l\u00e4mnar kongressen efter Trumpbr\u00e5k"},"content":{"rendered":"<p>Taylor Greene kommer att l\u00e4mna sin plats i representanthuset den 5 januari, rapporterar amerikanska medier.<\/p>\n<p>Hon har varit lojal med USA:s president Donald Trump, men har de senaste veckorna varit \u00f6ppen med kritiken mot honom. Den har bland annat g\u00e4llt hans utrikespolitiska fokus, och hon har \u00e4ven varit tydlig i att hon f\u00f6rordar att alla dokument fr\u00e5n utredningen om den d\u00f6de sexf\u00f6rbrytaren Jeffrey Epstein ska offentligg\u00f6ras.<\/p>\n<p>\u201dAtt st\u00f6dja amerikanska kvinnor som v\u00e5ldtogs vid 14 \u00e5rs \u00e5lder, s\u00e5ldes och utnyttjades av rika, m\u00e4ktiga m\u00e4n, borde inte leda till att jag kallas en f\u00f6rr\u00e4dare och hotas av USA:s president, som jag har k\u00e4mpat f\u00f6r\u201d, uppger hon i ett uttalande p\u00e5 X i samband med att hon meddelar att hon l\u00e4mnar kongressen.<\/p>\n<p><strong>Trump har den senaste<\/strong> tiden avf\u00e4rdat Taylor Greene som \u201dkn\u00e4pp\u201d, \u201dgn\u00e4llig\u201d och en \u201df\u00f6rr\u00e4dare\u201d.<\/p>\n<p>\u201dJag har f\u00f6r mycket sj\u00e4lvrespekt och v\u00e4rdighet, \u00e4lskar min familj f\u00f6r mycket, och vill inte se min fina valkrets beh\u00f6va g\u00e5 igenom ett s\u00e5rande och hatiskt prim\u00e4rval mot mig av den president som vi alla k\u00e4mpade f\u00f6r, bara f\u00f6r att k\u00e4mpa och vinna mitt val medan Republikanerna troligtvis kommer att f\u00f6rlora mellan\u00e5rsvalet\u201d, uppger Taylor Greene i uttalandet.<\/p>\n<p>H\u00f6gerpopulisten Taylor Greene valdes in i representanthuset 2020 och blev snabbt k\u00e4nd som en kontroversiell ledamot som bland annat \u00f6ppet st\u00f6ttade konspirationsr\u00f6relsen Qanon och spred osanna anklagelser om valfusk.<\/p>\n<p>Agerandet ledde bland annat till att hon utesl\u00f6ts fr\u00e5n utskottsarbete. 2021 bad hon dock om urs\u00e4kt efter att ha j\u00e4mf\u00f6rt krav p\u00e5 att b\u00e4ra munskydd med F\u00f6rintelsen.<\/p>\n<p>Tidigare i november gick Taylor Greene ut och bad om urs\u00e4kt och lovade att sluta med \u201dgiftig\u201d retorik.<\/p>\n","protected":false},"excerpt":{"rendered":"Taylor Greene kommer att l\u00e4mna sin plats i representanthuset den 5 januari, rapporterar amerikanska medier. Hon har varit&hellip;\n","protected":false},"author":2,"featured_media":86852,"comment_status":"","ping_status":"","sticky":false,"template":"","format":"standard","meta":{"footnotes":""},"categories":[5],"tags":[22,23,26,27,17,21,24,25,28,29,15,16,18,34,31,33,32,30,19,20],"class_list":{"0":"post-86851","1":"post","2":"type-post","3":"status-publish","4":"format-standard","5":"has-post-thumbnail","7":"category-rubriker","8":"tag-breaking-news","9":"tag-breakingnews","10":"tag-featured-news","11":"tag-featurednews","12":"tag-headlines","13":"tag-huvudnyheter","14":"tag-latest-news","15":"tag-latestnews","16":"tag-main-news","17":"tag-mainnews","18":"tag-news","19":"tag-nyheter","20":"tag-rubriker","21":"tag-se","22":"tag-svenska","23":"tag-sverige","24":"tag-sweden","25":"tag-swedish","26":"tag-top-stories","27":"tag-topstories"},"share_on_mastodon":{"url":"https:\/\/pubeurope.com\/@se\/115592123067750371","error":""},"_links":{"self":[{"href":"https:\/\/www.europesays.com\/se\/wp-json\/wp\/v2\/posts\/86851","targetHints":{"allow":["GET"]}}],"collection":[{"href":"https:\/\/www.europesays.com\/se\/wp-json\/wp\/v2\/posts"}],"about":[{"href":"https:\/\/www.europesays.com\/se\/wp-json\/wp\/v2\/types\/post"}],"author":[{"embeddable":true,"href":"https:\/\/www.europesays.com\/se\/wp-json\/wp\/v2\/users\/2"}],"replies":[{"embeddable":true,"href":"https:\/\/www.europesays.com\/se\/wp-json\/wp\/v2\/comments?post=86851"}],"version-history":[{"count":0,"href":"https:\/\/www.europesays.com\/se\/wp-json\/wp\/v2\/posts\/86851\/revisions"}],"wp:featuredmedia":[{"embeddable":true,"href":"https:\/\/www.europesays.com\/se\/wp-json\/wp\/v2\/media\/86852"}],"wp:attachment":[{"href":"https:\/\/www.europesays.com\/se\/wp-json\/wp\/v2\/media?parent=86851"}],"wp:term":[{"taxonomy":"category","embeddable":true,"href":"https:\/\/www.europesays.com\/se\/wp-json\/wp\/v2\/categories?post=86851"},{"taxonomy":"post_tag","embeddable":true,"href":"https:\/\/www.europesays.com\/se\/wp-json\/wp\/v2\/tags?post=86851"}],"curies":[{"name":"wp","href":"https:\/\/api.w.org\/{rel}","templated":true}]}}