{"id":86881,"date":"2025-11-22T08:28:14","date_gmt":"2025-11-22T08:28:14","guid":{"rendered":"https:\/\/www.europesays.com\/se\/86881\/"},"modified":"2025-11-22T08:28:14","modified_gmt":"2025-11-22T08:28:14","slug":"dell-pro-max-18-plus-ar-en-av-fa-barbara-datorer-med-stod-for-upp-till-256-gb-ram","status":"publish","type":"post","link":"https:\/\/www.europesays.com\/se\/86881\/","title":{"rendered":"Dell Pro Max 18 Plus \u00e4r en av f\u00e5 b\u00e4rbara datorer med st\u00f6d f\u00f6r upp till 256 GB RAM"},"content":{"rendered":"<p>\t\t<a href=\"https:\/\/www.notebookcheck.se\/fileadmin\/_processed_\/2\/7\/csm_camm2_d291d58899.jpg\" data-caption=\"CAMM2-modulen kr\u00e4ver sin egen kylfl\u00e4ns i Dell Pro Max 18 Plus (Bildk\u00e4lla: Notebookcheck)\" rel=\"nofollow noopener\" target=\"_blank\"><img decoding=\"async\" src=\"https:\/\/www.europesays.com\/se\/wp-content\/uploads\/2025\/11\/csm_camm2_cc995107e2.jpg\" loading=\"lazy\" fetchpriority=\"high\" width=\"240\" height=\"160\" alt=\"CAMM2-modulen kr\u00e4ver sin egen kylfl\u00e4ns i Dell Pro Max 18 Plus (Bildk\u00e4lla: Notebookcheck)\"\/><\/a>CAMM2-modulen kr\u00e4ver sin egen kylfl\u00e4ns i Dell Pro Max 18 Plus (Bildk\u00e4lla: Notebookcheck)<\/p>\n<p>Dells st\u00f6rsta mobila arbetsstation fokuserar inte bara p\u00e5 de snabbaste processorerna och GPU:erna som finns tillg\u00e4ngliga, utan \u00e4ven p\u00e5 nya RAM-alternativ ut\u00f6ver SODIMM f\u00f6r b\u00e5de f\u00f6rb\u00e4ttrad prestanda och h\u00f6gre kapacitet \u00e4n normalt.<\/p>\n<p class=\"bodytext\">Dell skr\u00f6t om f\u00f6rdelarna med<a href=\"http:\/\/www.notebookcheck.net\/CAMM-memory-preview-The-Dell-SODIMM-revolution.658666.0.html\" target=\"_self\" class=\"internal-link\" rel=\"nofollow noopener\"> f\u00f6rdelarna med CAMM<\/a> f\u00f6r flera \u00e5r sedan och medan de allra flesta b\u00e4rbara datorer forts\u00e4tter att anv\u00e4nda den \u00e4ldre SODIMM-standarden, har n\u00e5gra av Dells mest kraftfulla modeller levererats med CAMM n\u00e4stan som en testb\u00e4dd f\u00f6r det nya minnet. Dell <a href=\"http:\/\/www.notebookcheck.net\/Dell-Pro-Max-18-Plus-review-18-inch-workstation-powered-by-USB-C.1163836.0.html\" target=\"_self\" class=\"internal-link\" rel=\"nofollow noopener\">Dell Pro Max 18 Plus<\/a> eller <a href=\"http:\/\/www.notebookcheck.net\/Dell-Pro-Max-16-Plus-review-One-of-a-kind-mobile-workstation.1132122.0.html\" target=\"_self\" class=\"internal-link\" rel=\"nofollow noopener\">Pro Max 16 Plus<\/a> kan till exempel konfigureras med antingen SODIMM eller CAMM beroende p\u00e5 anv\u00e4ndarens preferenser.&#13;<\/p>\n<p class=\"bodytext\">N\u00e4r Dell Pro Max 18 Plus konfigureras med traditionella DDR5 SODIMM RAM-minnen kan den st\u00f6dja upp till 96 GB (2x 48 GB) DDR5-6400-minne med dubbla kanaler, vilket \u00e4r ganska typiskt f\u00f6r b\u00e4rbara datorer eller arbetsstationer f\u00f6r avancerade spel. N\u00e4r den konfigureras med CAMM2 finns dock snabbare kapacitet och hastigheter tillg\u00e4ngliga p\u00e5 upp till 128 GB dubbelkanaligt minne respektive 7200 MT\/s. De flesta b\u00e4rbara datorer med traditionellt SODIMM RAM-minne ligger i intervallet 4800 till 5600 MT\/s i j\u00e4mf\u00f6relse, s\u00e4rskilt n\u00e4r kapaciteten \u00f6kar till 64 GB eller mer.&#13;<\/p>\n<p class=\"bodytext\">P\u00e5 den extrema niv\u00e5n kan Dell Pro Max 18-\u00e4gare konfigurera upp till 256 GB CAMM2-RAM, om \u00e4n med en l\u00e5ngsammare minnesprestanda p\u00e5 4400 MT\/s eftersom det \u00e4r begr\u00e4nsat till endast en kanal. Vissa anv\u00e4ndare kanske f\u00f6redrar h\u00f6gre kapacitet framf\u00f6r hastighet eftersom de flesta AI-dataupps\u00e4ttningar och tr\u00e4ningsscenarier \u00e4r minnesintensiva.<\/p>\n<p><a href=\"\"><img decoding=\"async\" src=\"https:\/\/www.europesays.com\/se\/wp-content\/uploads\/2025\/11\/csm_allen_f86567444b.png\" loading=\"lazy\" width=\"120\" height=\"120\" alt=\"Allen Ngo\"\/><\/a><a href=\"\"><img decoding=\"async\" src=\"https:\/\/www.europesays.com\/se\/wp-content\/uploads\/2025\/11\/1763336113_814_csm_ninh_duy_ee54bf9777.jpg\" loading=\"lazy\" width=\"120\" height=\"120\" alt=\"Ninh Duy\"\/><\/a>Translator: <a href=\"\" class=\"j_name\">Ninh Ngoc Duy<\/a> &#8211; Editorial Assistant  &#8211; 660490 articles published on Notebookcheck since 2008<\/p>\n","protected":false},"excerpt":{"rendered":"CAMM2-modulen kr\u00e4ver sin egen kylfl\u00e4ns i Dell Pro Max 18 Plus (Bildk\u00e4lla: Notebookcheck) Dells st\u00f6rsta mobila arbetsstation fokuserar&hellip;\n","protected":false},"author":2,"featured_media":86882,"comment_status":"","ping_status":"","sticky":false,"template":"","format":"standard","meta":{"footnotes":""},"categories":[66],"tags":[9470,8378,7083,9474,9473,756,9476,7084,9477,9469,7085,9471,7204,3647,9472,80,78,79,34,9475,31,33,32,30,81,84,83,82],"class_list":{"0":"post-86881","1":"post","2":"type-post","3":"status-publish","4":"format-standard","5":"has-post-thumbnail","7":"category-vetenskap-och-teknik","8":"tag-9470","9":"tag-arbetsstation","10":"tag-barbar-dator","11":"tag-camm","12":"tag-camm2","13":"tag-dell","14":"tag-dimm","15":"tag-laptop","16":"tag-lostagbar","17":"tag-max","18":"tag-notebook","19":"tag-plus","20":"tag-prestanda","21":"tag-pro","22":"tag-ram","23":"tag-science","24":"tag-science-and-technology","25":"tag-scienceandtechnology","26":"tag-se","27":"tag-sodimm","28":"tag-svenska","29":"tag-sverige","30":"tag-sweden","31":"tag-swedish","32":"tag-technology","33":"tag-teknik","34":"tag-vetenskap","35":"tag-vetenskapteknik"},"share_on_mastodon":{"url":"https:\/\/pubeurope.com\/@se\/115592410372041957","error":""},"_links":{"self":[{"href":"https:\/\/www.europesays.com\/se\/wp-json\/wp\/v2\/posts\/86881","targetHints":{"allow":["GET"]}}],"collection":[{"href":"https:\/\/www.europesays.com\/se\/wp-json\/wp\/v2\/posts"}],"about":[{"href":"https:\/\/www.europesays.com\/se\/wp-json\/wp\/v2\/types\/post"}],"author":[{"embeddable":true,"href":"https:\/\/www.europesays.com\/se\/wp-json\/wp\/v2\/users\/2"}],"replies":[{"embeddable":true,"href":"https:\/\/www.europesays.com\/se\/wp-json\/wp\/v2\/comments?post=86881"}],"version-history":[{"count":0,"href":"https:\/\/www.europesays.com\/se\/wp-json\/wp\/v2\/posts\/86881\/revisions"}],"wp:featuredmedia":[{"embeddable":true,"href":"https:\/\/www.europesays.com\/se\/wp-json\/wp\/v2\/media\/86882"}],"wp:attachment":[{"href":"https:\/\/www.europesays.com\/se\/wp-json\/wp\/v2\/media?parent=86881"}],"wp:term":[{"taxonomy":"category","embeddable":true,"href":"https:\/\/www.europesays.com\/se\/wp-json\/wp\/v2\/categories?post=86881"},{"taxonomy":"post_tag","embeddable":true,"href":"https:\/\/www.europesays.com\/se\/wp-json\/wp\/v2\/tags?post=86881"}],"curies":[{"name":"wp","href":"https:\/\/api.w.org\/{rel}","templated":true}]}}